{"id":143062,"date":"2025-11-07T15:55:07","date_gmt":"2025-11-07T15:55:07","guid":{"rendered":"https:\/\/www.europesays.com\/pt\/143062\/"},"modified":"2025-11-07T15:55:07","modified_gmt":"2025-11-07T15:55:07","slug":"sondagem-rui-costa-vence-as-eleicoes-do-benfica","status":"publish","type":"post","link":"https:\/\/www.europesays.com\/pt\/143062\/","title":{"rendered":"Sondagem: Rui Costa vence as elei\u00e7\u00f5es do Benfica"},"content":{"rendered":"<p>\t                Inqu\u00e9rito feito no dia do Benfica &#8211; Leverkusen d\u00e1 clara vantagem ao atual presidente<\/p>\n<p style=\"margin-bottom:11px\">Rui Costa \u00e9 o candidato mais bem posicionado para vencer as elei\u00e7\u00f5es do Benfica, de acordo com uma sondagem da Pitag\u00f3rica para a TVI, CNN Portugal, Maisfutebol, TSF e JN.<\/p>\n<p>O atual presidente tem 60,5% das prefer\u00eancias, enquanto Jo\u00e3o Noronha Lopes re\u00fane 34,9% das respostas, n\u00e3o contando com uma distribui\u00e7\u00e3o de indecisos &#8211; que representam 4,6% das resposta &#8211; que tem em conta a antiguidade por voto.<\/p>\n<p>Os dois candidatos v\u00e3o, recorde-se, para a segunda volta das presidenciais, depois de terem sido os dois mais votados h\u00e1 duas semanas, numa elei\u00e7\u00e3o que tamb\u00e9m contou com outros quatro candidatos, incluindo Lu\u00eds Filipe Vieira e Jo\u00e3o Diogo Manteigas, que tiveram cada um mais de 10%.<\/p>\n<p>Rui Costa segue mesmo muito destacado, at\u00e9 porque a margem de erro o coloca ainda bem acima de Jo\u00e3o Noronha Lopes. Essa mesma margem, de 3,23%, coloca o atual presidente entre os 57,3% e os 63,7%, enquanto o opositor anda entre os 31,8% e os 38%. Isto numa l\u00f3gica sem distribui\u00e7\u00e3o de indecisos e contando com a antiguidade por voto.<\/p>\n<p>Se contarmos a distribui\u00e7\u00e3o de indecisos, Rui Costa ter\u00e1 entre 60,3% e 66,5%, enquanto Jo\u00e3o Noronha Lopes anda pelos 33,5% e os 39,7%.<\/p>\n<p>O presidente em fun\u00e7\u00f5es, Rui Costa, e o gestor Jo\u00e3o Noronha Lopes v\u00e3o disputar a presid\u00eancia do clube lisboeta numa segunda volta, no s\u00e1bado, depois de terem sido os dois candidatos mais votados no sufr\u00e1gio de 25 de outubro, que registou uma aflu\u00eancia recorde a n\u00edvel mundial, com 86.297 votantes.<\/p>\n<p>Fora da corrida ficaram o antigo presidente Lu\u00eds Filipe Vieira (13,86%), Jo\u00e3o Diogo Manteigas (11,48%), Martim Mayer (2,10%) e Crist\u00f3v\u00e3o Carvalho (0,18%).<\/p>\n<p>Na vota\u00e7\u00e3o, os s\u00f3cios do Benfica depositam quatro boletins em urna, para os tr\u00eas \u00f3rg\u00e3os sociais (Dire\u00e7\u00e3o, Conselho Fiscal e Mesa da Assembleia Geral) e para o \u00f3rg\u00e3o estatut\u00e1rio Comiss\u00e3o de Remunera\u00e7\u00f5es.<\/p>\n<p>A segunda volta decorrer\u00e1, novamente, com voto f\u00edsico, entre as 08:30 e 22:00 no continente e Madeira, e com janela hor\u00e1ria adaptada nos A\u00e7ores e restantes locais no estrangeiro.<\/p>\n<p>Ficha T\u00e9cnica <\/p>\n<p>Sondagem com recurso a entrevistas pessoais com simula\u00e7\u00e3o de voto em tablet.<\/p>\n<p>A amostra foi recolhida no dia 5 de novembro de 2025, no jogo SL Benfica &#8211; Bayer Leverkusen.<\/p>\n<p>Para recolhidas 982 question\u00e1rios dos quais 21 foram exclu\u00eddos por corresponderem a n\u00famero de s\u00f3cios duplicados ou por n\u00e3o terem antiguidade m\u00ednima para votar.<\/p>\n<p>A amostra v\u00e1lida \u00e9 de 961 inqu\u00e9ritos (margem de erro de \u00b1 3,23%).<\/p>\n<p>O n\u00ba de s\u00f3cio apenas serviu para controlo de duplicados, sendo destru\u00eddo ap\u00f3s este controlo.<\/p>\n","protected":false},"excerpt":{"rendered":"Inqu\u00e9rito feito no dia do Benfica &#8211; Leverkusen d\u00e1 clara vantagem ao atual presidente Rui Costa \u00e9 o&hellip;\n","protected":false},"author":2,"featured_media":143063,"comment_status":"","ping_status":"","sticky":false,"template":"","format":"standard","meta":{"footnotes":""},"categories":[8],"tags":[609,836,611,51,27,28,607,608,333,832,604,135,610,476,2258,11568,15,16,301,830,14,603,25,26,570,21,22,831,833,62,834,12,15081,13,19,20,835,602,52,32,23,24,33,6058,17,18,29,30,31],"class_list":{"0":"post-143062","1":"post","2":"type-post","3":"status-publish","4":"format-standard","5":"has-post-thumbnail","7":"category-principais-noticias","8":"tag-alerta","9":"tag-analise","10":"tag-ao-minuto","11":"tag-benfica","12":"tag-breaking-news","13":"tag-breakingnews","14":"tag-cnn","15":"tag-cnn-portugal","16":"tag-comentadores","17":"tag-costa","18":"tag-crime","19":"tag-desporto","20":"tag-direto","21":"tag-economia","22":"tag-eleicoes","23":"tag-eleicoes-benfica","24":"tag-featured-news","25":"tag-featurednews","26":"tag-governo","27":"tag-guerra","28":"tag-headlines","29":"tag-justica","30":"tag-latest-news","31":"tag-latestnews","32":"tag-live","33":"tag-main-news","34":"tag-mainnews","35":"tag-mais-vistas","36":"tag-marcelo","37":"tag-mundo","38":"tag-negocios","39":"tag-news","40":"tag-noronha-lopes","41":"tag-noticias","42":"tag-noticias-principais","43":"tag-noticiasprincipais","44":"tag-opiniao","45":"tag-pais","46":"tag-politica","47":"tag-portugal","48":"tag-principais-noticias","49":"tag-principaisnoticias","50":"tag-pt","51":"tag-rui-costa","52":"tag-top-stories","53":"tag-topstories","54":"tag-ultimas","55":"tag-ultimas-noticias","56":"tag-ultimasnoticias"},"share_on_mastodon":{"url":"","error":"Validation failed: Text character limit of 500 exceeded"},"_links":{"self":[{"href":"https:\/\/www.europesays.com\/pt\/wp-json\/wp\/v2\/posts\/143062","targetHints":{"allow":["GET"]}}],"collection":[{"href":"https:\/\/www.europesays.com\/pt\/wp-json\/wp\/v2\/posts"}],"about":[{"href":"https:\/\/www.europesays.com\/pt\/wp-json\/wp\/v2\/types\/post"}],"author":[{"embeddable":true,"href":"https:\/\/www.europesays.com\/pt\/wp-json\/wp\/v2\/users\/2"}],"replies":[{"embeddable":true,"href":"https:\/\/www.europesays.com\/pt\/wp-json\/wp\/v2\/comments?post=143062"}],"version-history":[{"count":0,"href":"https:\/\/www.europesays.com\/pt\/wp-json\/wp\/v2\/posts\/143062\/revisions"}],"wp:featuredmedia":[{"embeddable":true,"href":"https:\/\/www.europesays.com\/pt\/wp-json\/wp\/v2\/media\/143063"}],"wp:attachment":[{"href":"https:\/\/www.europesays.com\/pt\/wp-json\/wp\/v2\/media?parent=143062"}],"wp:term":[{"taxonomy":"category","embeddable":true,"href":"https:\/\/www.europesays.com\/pt\/wp-json\/wp\/v2\/categories?post=143062"},{"taxonomy":"post_tag","embeddable":true,"href":"https:\/\/www.europesays.com\/pt\/wp-json\/wp\/v2\/tags?post=143062"}],"curies":[{"name":"wp","href":"https:\/\/api.w.org\/{rel}","templated":true}]}}