{"id":143082,"date":"2025-11-07T16:09:13","date_gmt":"2025-11-07T16:09:13","guid":{"rendered":"https:\/\/www.europesays.com\/pt\/143082\/"},"modified":"2025-11-07T16:09:13","modified_gmt":"2025-11-07T16:09:13","slug":"funcionaria-agarrada-pelo-pescoco-em-assalto-a-cafe-no-seixal","status":"publish","type":"post","link":"https:\/\/www.europesays.com\/pt\/143082\/","title":{"rendered":"Funcion\u00e1ria agarrada pelo pesco\u00e7o em assalto a caf\u00e9 no Seixal"},"content":{"rendered":"<p data-remotead-prev-elm=\"true\" data-remotead-elm-id=\"inread\">Nas imagens de videovigil\u00e2ncia, a que o JN teve acesso, \u00e9 poss\u00edvel ver o momento em que o indiv\u00edduo, vestindo uma camisola vermelha e um bon\u00e9 branco, entra calmamente no estabelecimento, que estava sem clientes no momento do assalto, pelas 6.19 horas, e se aproxima da funcion\u00e1ria que se encontrava atr\u00e1s do balc\u00e3o.<\/p>\n<p>Enquanto a mulher manuseava a m\u00e1quina de caf\u00e9, e num ato brusco, o suspeito agarra-a pelo pesco\u00e7o, por tr\u00e1s, imobilizando-a. A v\u00edtima, visivelmente surpreendida, tenta resistir, mas o agressor encaminha-a para a caixa registadora, de onde acaba por retirar v\u00e1rias notas que p\u00f5e no bolso esquerdo das cal\u00e7as, sempre com o bra\u00e7o em volta do pesco\u00e7o da mulher, durante mais de 40 segundos.<\/p>\n<p>Ap\u00f3s assegurar o dinheiro, o indiv\u00edduo larga a funcion\u00e1ria e abandona o local, pelas 6.20 horas, a passo acelerado.<\/p>\n<p>Contactada pelo JN sobre o assunto, fonte do Comando Distrital de Set\u00fabal referiu que a PSP elaborou o respetivo expediente com a informa\u00e7\u00e3o recolhida e que, &#8220;em virtude do estabelecimento estar suportado por sistema de videovigil\u00e2ncia, est\u00e3o a ser realizadas dilig\u00eancias no sentido de apurar a identifica\u00e7\u00e3o do suspeito&#8221;.<\/p>\n","protected":false},"excerpt":{"rendered":"Nas imagens de videovigil\u00e2ncia, a que o JN teve acesso, \u00e9 poss\u00edvel ver o momento em que o&hellip;\n","protected":false},"author":2,"featured_media":143083,"comment_status":"","ping_status":"","sticky":false,"template":"","format":"standard","meta":{"footnotes":""},"categories":[10],"tags":[27,28,31605,15,16,14,603,25,26,21,22,12,13,19,20,32,23,24,33,20028,17,18,29,30,31],"class_list":{"0":"post-143082","1":"post","2":"type-post","3":"status-publish","4":"format-standard","5":"has-post-thumbnail","7":"category-portugal","8":"tag-breaking-news","9":"tag-breakingnews","10":"tag-corroios","11":"tag-featured-news","12":"tag-featurednews","13":"tag-headlines","14":"tag-justica","15":"tag-latest-news","16":"tag-latestnews","17":"tag-main-news","18":"tag-mainnews","19":"tag-news","20":"tag-noticias","21":"tag-noticias-principais","22":"tag-noticiasprincipais","23":"tag-portugal","24":"tag-principais-noticias","25":"tag-principaisnoticias","26":"tag-pt","27":"tag-seixal","28":"tag-top-stories","29":"tag-topstories","30":"tag-ultimas","31":"tag-ultimas-noticias","32":"tag-ultimasnoticias"},"share_on_mastodon":{"url":"https:\/\/pubeurope.com\/@pt\/115509288161323084","error":""},"_links":{"self":[{"href":"https:\/\/www.europesays.com\/pt\/wp-json\/wp\/v2\/posts\/143082","targetHints":{"allow":["GET"]}}],"collection":[{"href":"https:\/\/www.europesays.com\/pt\/wp-json\/wp\/v2\/posts"}],"about":[{"href":"https:\/\/www.europesays.com\/pt\/wp-json\/wp\/v2\/types\/post"}],"author":[{"embeddable":true,"href":"https:\/\/www.europesays.com\/pt\/wp-json\/wp\/v2\/users\/2"}],"replies":[{"embeddable":true,"href":"https:\/\/www.europesays.com\/pt\/wp-json\/wp\/v2\/comments?post=143082"}],"version-history":[{"count":0,"href":"https:\/\/www.europesays.com\/pt\/wp-json\/wp\/v2\/posts\/143082\/revisions"}],"wp:featuredmedia":[{"embeddable":true,"href":"https:\/\/www.europesays.com\/pt\/wp-json\/wp\/v2\/media\/143083"}],"wp:attachment":[{"href":"https:\/\/www.europesays.com\/pt\/wp-json\/wp\/v2\/media?parent=143082"}],"wp:term":[{"taxonomy":"category","embeddable":true,"href":"https:\/\/www.europesays.com\/pt\/wp-json\/wp\/v2\/categories?post=143082"},{"taxonomy":"post_tag","embeddable":true,"href":"https:\/\/www.europesays.com\/pt\/wp-json\/wp\/v2\/tags?post=143082"}],"curies":[{"name":"wp","href":"https:\/\/api.w.org\/{rel}","templated":true}]}}