{"id":143104,"date":"2025-11-07T16:30:15","date_gmt":"2025-11-07T16:30:15","guid":{"rendered":"https:\/\/www.europesays.com\/pt\/143104\/"},"modified":"2025-11-07T16:30:15","modified_gmt":"2025-11-07T16:30:15","slug":"gouveia-e-melo-sem-competencia","status":"publish","type":"post","link":"https:\/\/www.europesays.com\/pt\/143104\/","title":{"rendered":"Gouveia e Melo Sem Compet\u00eancia"},"content":{"rendered":"<p>O antigo chefe de Estado e de governo Cavaco Silva declarou esta sexta-feira, 7 de novembro, apoio ao candidato presidencial Marques Mendes e defendeu que Gouveia e Melo carece de \u201ccompet\u00eancias e qualifica\u00e7\u00f5es\u201d para ser Presidente no quadro de incerteza do pr\u00f3ximo mandato.<\/p>\n<p><strong>\u201cO almirante Gouveia e Melo pode ter muitos predicados, mas n\u00e3o possui as compet\u00eancias e qualifica\u00e7\u00f5es para exercer as fun\u00e7\u00f5es de Presidente da Rep\u00fablica<\/strong> no quadro internacional incerto e complexo que se perspetiva para os pr\u00f3ximos cinco anos\u201d, defendeu An\u00edbal Cavaco Silva num artigo de opini\u00e3o no jornal online <a aria-label=\"content\" target=\"_blank\" href=\"https:\/\/observador.pt\/\" rel=\"nofollow noopener\">Observador<\/a>.<\/p>\n<p>Nesse texto, Cavaco Silva diz entender dever alertar os portugueses \u201cpara o <strong>risco de instabilidade que Portugal pode correr se for eleito um Presidente sem as compet\u00eancias e qualifica\u00e7\u00f5es para lidar com as situa\u00e7\u00f5es dif\u00edceis, incertas e complexas<\/strong> com que o pa\u00eds pode ser confrontado e para defender os superiores interesses nacionais\u201d.<\/p>\n<p>\u201c<strong>Nestes tempos de incerteza e amea\u00e7as, \u00e9 fundamental que o futuro Presidente da Rep\u00fablica conhe\u00e7a bem o funcionamento das institui\u00e7\u00f5es do nosso sistema pol\u00edtico<\/strong>, construa pontes e facilite entendimentos entre os partidos pol\u00edticos, as for\u00e7as econ\u00f3micas e sociais, o Governo e a oposi\u00e7\u00e3o e seja capaz de atuar como reserva de \u00faltimo recurso se o pa\u00eds for atingido por uma crise grave\u201d, sustenta.<\/p>\n<p>Assim, considera, \u201cpela sua experi\u00eancia pol\u00edtica e pelo seu bom senso e qualifica\u00e7\u00f5es pessoais, <strong>creio que \u00e9 Lu\u00eds Marques Mendes quem melhor pode desempenhar essa tarefa\u201d<\/strong>.<\/p>\n<p>Cavaco diz conhecer bem Marques Mendes, que foi ministro adjunto num dos seus governos, sublinha que o candidato apoiado pelo PSD tem \u201cexperi\u00eancia pol\u00edtica, conhece o funcionamento e as especificidades das institui\u00e7\u00f5es\u201d democr\u00e1ticas, \u201cda governa\u00e7\u00e3o do pa\u00eds e da pol\u00edtica externa\u201d.<\/p>\n<p><strong>\u201cE \u00e9 uma pessoa de bom senso, qualidade muito importante para um Presidente da Rep\u00fablica\u201d<\/strong>, salienta ainda o antigo primeiro-ministro (1985-1995) e chefe de Estado (2006-2016).<\/p>\n<p>Para Cavaco Silva, os pr\u00f3ximos cinco anos constituem um \u201ctempo de grande incerteza e complexidade internacional, com consequ\u00eancias inevit\u00e1veis para Portugal\u201d, desde logo pela \u201cpol\u00edtica err\u00e1tica e agressiva do Presidente Trump em rela\u00e7\u00e3o \u00e0 Uni\u00e3o Europeia\u201d, a \u201cviola\u00e7\u00e3o das regras da Organiza\u00e7\u00e3o Mundial do Com\u00e9rcio que prejudica as exporta\u00e7\u00f5es portuguesas\u201d, e \u201ca amea\u00e7a da R\u00fassia \u00e0 seguran\u00e7a europeia\u201d, \u201ca guerra na Ucr\u00e2nia e no M\u00e9dio Oriente e a instabilidade dos mercados financeiros\u201d.<\/p>\n<p>\u201cComo os pr\u00f3ximos 5 anos s\u00e3o o per\u00edodo em que Portugal devia recuperar o atraso de crescimento econ\u00f3mico que \u00e9 indispens\u00e1vel para a melhoria das condi\u00e7\u00f5es de vida da popula\u00e7\u00e3o, a escolha de um Presidente da Rep\u00fablica capaz de garantir a estabilidade pol\u00edtica, de construir pontes e facilitar consensos \u00e9 da maior import\u00e2ncia\u201d, argumenta.<\/p>\n","protected":false},"excerpt":{"rendered":"O antigo chefe de Estado e de governo Cavaco Silva declarou esta sexta-feira, 7 de novembro, apoio ao&hellip;\n","protected":false},"author":2,"featured_media":143105,"comment_status":"","ping_status":"","sticky":false,"template":"","format":"standard","meta":{"footnotes":""},"categories":[10],"tags":[27,28,29297,15,16,14,25,26,21,22,24788,12,13,19,20,32,1076,23,24,33,17,18,29,30,31],"class_list":{"0":"post-143104","1":"post","2":"type-post","3":"status-publish","4":"format-standard","5":"has-post-thumbnail","7":"category-portugal","8":"tag-breaking-news","9":"tag-breakingnews","10":"tag-cavaco-silva","11":"tag-featured-news","12":"tag-featurednews","13":"tag-headlines","14":"tag-latest-news","15":"tag-latestnews","16":"tag-main-news","17":"tag-mainnews","18":"tag-marques-mendes","19":"tag-news","20":"tag-noticias","21":"tag-noticias-principais","22":"tag-noticiasprincipais","23":"tag-portugal","24":"tag-presidenciais-2026","25":"tag-principais-noticias","26":"tag-principaisnoticias","27":"tag-pt","28":"tag-top-stories","29":"tag-topstories","30":"tag-ultimas","31":"tag-ultimas-noticias","32":"tag-ultimasnoticias"},"share_on_mastodon":{"url":"https:\/\/pubeurope.com\/@pt\/115509370749565156","error":""},"_links":{"self":[{"href":"https:\/\/www.europesays.com\/pt\/wp-json\/wp\/v2\/posts\/143104","targetHints":{"allow":["GET"]}}],"collection":[{"href":"https:\/\/www.europesays.com\/pt\/wp-json\/wp\/v2\/posts"}],"about":[{"href":"https:\/\/www.europesays.com\/pt\/wp-json\/wp\/v2\/types\/post"}],"author":[{"embeddable":true,"href":"https:\/\/www.europesays.com\/pt\/wp-json\/wp\/v2\/users\/2"}],"replies":[{"embeddable":true,"href":"https:\/\/www.europesays.com\/pt\/wp-json\/wp\/v2\/comments?post=143104"}],"version-history":[{"count":0,"href":"https:\/\/www.europesays.com\/pt\/wp-json\/wp\/v2\/posts\/143104\/revisions"}],"wp:featuredmedia":[{"embeddable":true,"href":"https:\/\/www.europesays.com\/pt\/wp-json\/wp\/v2\/media\/143105"}],"wp:attachment":[{"href":"https:\/\/www.europesays.com\/pt\/wp-json\/wp\/v2\/media?parent=143104"}],"wp:term":[{"taxonomy":"category","embeddable":true,"href":"https:\/\/www.europesays.com\/pt\/wp-json\/wp\/v2\/categories?post=143104"},{"taxonomy":"post_tag","embeddable":true,"href":"https:\/\/www.europesays.com\/pt\/wp-json\/wp\/v2\/tags?post=143104"}],"curies":[{"name":"wp","href":"https:\/\/api.w.org\/{rel}","templated":true}]}}