{"id":143118,"date":"2025-11-07T16:45:14","date_gmt":"2025-11-07T16:45:14","guid":{"rendered":"https:\/\/www.europesays.com\/pt\/143118\/"},"modified":"2025-11-07T16:45:14","modified_gmt":"2025-11-07T16:45:14","slug":"3-sobretudos-que-sao-tendencia-neste-inverno","status":"publish","type":"post","link":"https:\/\/www.europesays.com\/pt\/143118\/","title":{"rendered":"3 sobretudos que s\u00e3o tend\u00eancia neste inverno"},"content":{"rendered":"<p>N\u00e3o \u00e9 preciso o calend\u00e1rio dizer-nos que o outono j\u00e1 se instalou, basta sair \u00e0 rua para sentir o frio a pedir, com toda a for\u00e7a, um bom casaco. E n\u00e3o, n\u00e3o \u00e9 preciso abdicar do estilo em nome do conforto. A boa not\u00edcia \u00e9 que os desfiles de moda das cole\u00e7\u00f5es outono\/inverno 2025-2026 vieram provar precisamente isso: este \u00e9 o ano em que o calor e a eleg\u00e2ncia andam de m\u00e3os dadas.<\/p>\n<p>Os grandes nomes da moda \u2500 como Prada, Max Mara, Chlo\u00e9 e Gucci \u2500 trouxeram propostas irresist\u00edveis que prometem transformar qualquer manh\u00e3 gelada numa oportunidade de brilhar, com modelos que v\u00e3o dos comprimentos dram\u00e1ticos aos materiais acolhedores, passando pelos cortes ousados. H\u00e1 um casaco para cada personalidade, em particular tr\u00eas que prometem dominar a esta\u00e7\u00e3o.\u00a0<\/p>\n<p>1. Casaco comprido: eleg\u00e2ncia que aquece <\/p>\n<p>Se h\u00e1 pe\u00e7a que resume o esp\u00edrito do inverno 2025, \u00e9 o casaco comprido, quase a ro\u00e7ar o ch\u00e3o. Os desfiles de moda de Carolina Herrera, Acne e Calvin Klein foram un\u00e2nimes: o comprimento maxi \u00e9 sin\u00f3nimo de sofistica\u00e7\u00e3o. Al\u00e9m de proteger do frio com distin\u00e7\u00e3o, alonga a silhueta e confere um ar de confian\u00e7a ineg\u00e1vel.<\/p>\n<p>2. O casaco de pelo sint\u00e9tico: conforto luxuoso <\/p>\n<p>A textura reina neste inverno e o pelo sint\u00e9tico volta em for\u00e7a. Gucci, Fendi e Stella McCartney mostraram como este material pode ser, ao mesmo tempo, divertido e elegante. Os tons terrosos \u2500 sobretudo castanhos e verdes azeitona \u2500 s\u00e3o os preferidos da esta\u00e7\u00e3o, mas h\u00e1 espa\u00e7o para ousar com cores inesperadas.\u00a0\u00a0<\/p>\n<p>3. O casaco de pele XL: atitude urbana <\/p>\n<p>O cl\u00e1ssico casaco de pele ganha novas propor\u00e7\u00f5es. Nos desfiles de Chlo\u00e9 e Acne Studios, surgiram vers\u00f5es longas, com cortes trench e acabamentos brilhantes ou mate. Uma pe\u00e7a que conjuga rebeldia e sofistica\u00e7\u00e3o, perfeita para quem gosta de marcar presen\u00e7a com uma est\u00e9tica forte e contempor\u00e2nea. O casaco de pele XL \u00e9, sem d\u00favida, o novo statement urbano do inverno.<\/p>\n<p>Segue as tend\u00eancias, com op\u00e7\u00f5es da Massimo Dutti \u00e0 H&amp;M.<\/p>\n","protected":false},"excerpt":{"rendered":"N\u00e3o \u00e9 preciso o calend\u00e1rio dizer-nos que o outono j\u00e1 se instalou, basta sair \u00e0 rua para sentir&hellip;\n","protected":false},"author":2,"featured_media":143119,"comment_status":"","ping_status":"","sticky":false,"template":"","format":"standard","meta":{"footnotes":""},"categories":[85],"tags":[1081,17770,23111,204,114,115,754,186,1079,32,33,1083,1078,1080,3480],"class_list":{"0":"post-143118","1":"post","2":"type-post","3":"status-publish","4":"format-standard","5":"has-post-thumbnail","7":"category-entretenimento","8":"tag-beleza","9":"tag-casaco","10":"tag-desfile","11":"tag-design","12":"tag-entertainment","13":"tag-entretenimento","14":"tag-gastronomia","15":"tag-lifestyle","16":"tag-moda","17":"tag-portugal","18":"tag-pt","19":"tag-tendencia","20":"tag-versa","21":"tag-viagens","22":"tag-zara"},"share_on_mastodon":{"url":"https:\/\/pubeurope.com\/@pt\/115509429720348716","error":""},"_links":{"self":[{"href":"https:\/\/www.europesays.com\/pt\/wp-json\/wp\/v2\/posts\/143118","targetHints":{"allow":["GET"]}}],"collection":[{"href":"https:\/\/www.europesays.com\/pt\/wp-json\/wp\/v2\/posts"}],"about":[{"href":"https:\/\/www.europesays.com\/pt\/wp-json\/wp\/v2\/types\/post"}],"author":[{"embeddable":true,"href":"https:\/\/www.europesays.com\/pt\/wp-json\/wp\/v2\/users\/2"}],"replies":[{"embeddable":true,"href":"https:\/\/www.europesays.com\/pt\/wp-json\/wp\/v2\/comments?post=143118"}],"version-history":[{"count":0,"href":"https:\/\/www.europesays.com\/pt\/wp-json\/wp\/v2\/posts\/143118\/revisions"}],"wp:featuredmedia":[{"embeddable":true,"href":"https:\/\/www.europesays.com\/pt\/wp-json\/wp\/v2\/media\/143119"}],"wp:attachment":[{"href":"https:\/\/www.europesays.com\/pt\/wp-json\/wp\/v2\/media?parent=143118"}],"wp:term":[{"taxonomy":"category","embeddable":true,"href":"https:\/\/www.europesays.com\/pt\/wp-json\/wp\/v2\/categories?post=143118"},{"taxonomy":"post_tag","embeddable":true,"href":"https:\/\/www.europesays.com\/pt\/wp-json\/wp\/v2\/tags?post=143118"}],"curies":[{"name":"wp","href":"https:\/\/api.w.org\/{rel}","templated":true}]}}