{"id":143126,"date":"2025-11-07T16:57:26","date_gmt":"2025-11-07T16:57:26","guid":{"rendered":"https:\/\/www.europesays.com\/pt\/143126\/"},"modified":"2025-11-07T16:57:26","modified_gmt":"2025-11-07T16:57:26","slug":"saiba-quem-e-jaafar-jackson-sobrinho-de-michael-jackson-e-compare-fotos-do-filme-com-o-rei-do-pop","status":"publish","type":"post","link":"https:\/\/www.europesays.com\/pt\/143126\/","title":{"rendered":"Saiba quem \u00e9 Jaafar Jackson, sobrinho de Michael Jackson, e compare fotos do filme com o Rei do Pop"},"content":{"rendered":"\n<p class=\" content-text__container theme-color-primary-first-letter\" data-track-category=\"Link no Texto\" data-track-links=\"\"> O trailer de \u201cMichael\u201d, cinematografia de <a class=\"\" href=\"https:\/\/oglobo.globo.com\/tudo-sobre\/personalidade\/michael-jackson\/\" rel=\"nofollow noopener\" target=\"_blank\">Michael Jackson<\/a>, impressionou ao mostrar um de seus sobrinhos, <a class=\"\" href=\"https:\/\/oglobo.globo.com\/cultura\/noticia\/2025\/11\/07\/filho-de-michael-jackson-comemora-trailer-de-cinebiografia-estrelada-pelo-primo-jaafar-jackson.ghtml\" rel=\"nofollow noopener\" target=\"_blank\">Jaafar Jackson<\/a>, interpretando o \u201cRei do Pop\u201d. Lan\u00e7ado na quinta-feira (6), o v\u00eddeo de pouco mais de um minuto conta com mais de dois milh\u00f5es de visualiza\u00e7\u00f5es no YouTube e recria momentos marcantes vividos pelo cantor ao longo da sua carreira, sendo um deles o lan\u00e7amento do \u00e1lbum \u201cThriller\u201d, em 1982. <\/p>\n<ul class=\"content-unordered-list\">\n<li><strong>\u2018O agente secreto\u2019: <\/strong><a class=\"\" href=\"https:\/\/oglobo.globo.com\/cultura\/noticia\/2025\/11\/07\/o-agente-secreto-diretor-manda-carta-para-salas-de-cinemas-pedindo-que-filme-seja-exibido-com-volume-alto-leia.ghtml\" rel=\"nofollow noopener\" target=\"_blank\"><strong>Diretor manda carta para salas de cinemas pedindo que filme seja exibido com \u2018volume alto\u2019; leia<\/strong><\/a><\/li>\n<li><strong>\u2018Stranger things 5\u2019: <\/strong><a class=\"\" href=\"https:\/\/oglobo.globo.com\/cultura\/noticia\/2025\/11\/07\/millie-bobby-brown-e-david-harbour-posam-juntos-em-pre-estreia-de-stranger-things-5-apos-rumores-de-assedio.ghtml\" rel=\"nofollow noopener\" target=\"_blank\"><strong>Millie Bobby Brown e David Harbour posam juntos em pr\u00e9-estreia ap\u00f3s rumores de ass\u00e9dio<\/strong><\/a><\/li>\n<\/ul>\n<p class=\" content-text__container \" data-track-category=\"Link no Texto\" data-track-links=\"\"> Jaafar, de 29 anos, \u00e9 filho de Jermaine Jackson, terceiro irm\u00e3o mais velho de Michael e um dos integrantes do Jackson 5. O grupo contou ainda com Tito, Jackie, Randy e Marlon Jackson, al\u00e9m do pr\u00f3prio Michael. Cantor e dan\u00e7arino, como o tio, Jaafar lan\u00e7ou sua primeira m\u00fasica, \u201cGot me singing\u201d, em 2019. <\/p>\n<p class=\" content-text__container \" data-track-category=\"Link no Texto\" data-track-links=\"\"> O clipe da can\u00e7\u00e3o foi gravado no Morro do Vidigal, na Zona Sul do Rio de Janeiro, no mesmo ano. Duas d\u00e9cadas antes, em 1995, Michael vinha ao Brasil, mais especificamente \u00e0 comunidade de Dona Marta, tamb\u00e9m na Zona Sul, e \u00e0 Salvador, para gravar o clipe de \u201cThey don\u2019t care about us\u201d. <\/p>\n<p class=\" content-text__container \" data-track-category=\"Link no Texto\" data-track-links=\"\"> Em 2023, quando foi anunciado para viver o tio nos cinemas, Jaafar compartilhou que se sentia \u201chumilde e honrado\u201d por dar vida \u00e0 hist\u00f3ria de Michael. \u201cPara todos os f\u00e3s de todo o mundo, vejo-os em breve\u201d, escreveu. A previs\u00e3o \u00e9 que o longa dirigido por Antoine Fuqua e com roteiro de John Logan estreie no dia 23 de abril de 2026. <\/p>\n<p class=\" content-text__container \" data-track-category=\"Link no Texto\" data-track-links=\"\"> Compare abaixo cenas com momentos vividos por Michael Jackson. <\/p>\n<p>       <img decoding=\"async\" class=\"content-media__image\"  src=\"https:\/\/www.europesays.com\/pt\/wp-content\/uploads\/2025\/11\/beat-it.jpg\" alt=\"Jaafar Jackson e Michael Jackson \u2014 Foto: Reprodu\u00e7\u00e3o\/IMDb e YouTube\" width=\"1920\" height=\"1080\" loading=\"lazy\"\/>  Jaafar Jackson e Michael Jackson \u2014 Foto: Reprodu\u00e7\u00e3o\/IMDb e YouTube        <\/p>\n<p class=\" content-text__container \" data-track-category=\"Link no Texto\" data-track-links=\"\"> Uma imagem divulgada dos bastidores do filme mostra Jaafar com uma jaqueta vermelha semelhante \u00e0 usada por Michael no clipe da can\u00e7\u00e3o \u201cBeat it\u201d, lan\u00e7ada em 1982. Sexta faixa do \u00e1lbum \u201cThriller\u201d, a m\u00fasica contou com a participa\u00e7\u00e3o de Eddie Van Halen, guitarrista da banda Van Halen. <\/p>\n<p>       <img decoding=\"async\" class=\"content-media__image\"  src=\"https:\/\/www.europesays.com\/pt\/wp-content\/uploads\/2025\/11\/thriller.jpg\" alt=\"Jaafar Jackson e Michael Jackson \u2014 Foto: Reprodu\u00e7\u00e3o\/IMDb e YouTube\" width=\"1920\" height=\"1080\" loading=\"lazy\"\/>  Jaafar Jackson e Michael Jackson \u2014 Foto: Reprodu\u00e7\u00e3o\/IMDb e YouTube       <\/p>\n<p class=\" content-text__container \" data-track-category=\"Link no Texto\" data-track-links=\"\"> Em uma cena do trailer de \u201cMichael\u201d, Jaafar surge dan\u00e7ando a caracter\u00edstica coreografia de \u201cThriller\u201d, faixa principal do \u00e1lbum de 1982. Na m\u00fasica, um pequeno texto \u00e9 lido pelo ator e dublador Vincent Price, conhecido por seu trabalho em filmes de terror nas d\u00e9cadas de 1950 e 1960. Em uma imagem de bastidor, tamb\u00e9m \u00e9 poss\u00edvel ver Jaafar e uma atriz usando figurinos semelhantes ao de Michael e Ola Ray, que interpreta a namorada do Rei do Pop no clipe da can\u00e7\u00e3o. <\/p>\n<p>      <img decoding=\"async\" class=\"content-media__image\"  src=\"https:\/\/www.europesays.com\/pt\/wp-content\/uploads\/2025\/11\/thriller-1.jpg\" alt=\"Jaafar Jackson e Michael Jackson \u2014 Foto: Reprodu\u00e7\u00e3o\/IMDb e YouTube\" width=\"1920\" height=\"1080\" loading=\"lazy\"\/>  Jaafar Jackson e Michael Jackson \u2014 Foto: Reprodu\u00e7\u00e3o\/IMDb e YouTube            <img decoding=\"async\" class=\"content-media__image\"  src=\"https:\/\/www.europesays.com\/pt\/wp-content\/uploads\/2025\/11\/michael-jackson-live-at-wembley-july-16-1988-.jpg\" alt=\"Jaafar Jackson e Michael Jackson \u2014 Foto: Reprodu\u00e7\u00e3o\/IMDb e YouTube\" width=\"1920\" height=\"1080\" loading=\"lazy\"\/>  Jaafar Jackson e Michael Jackson \u2014 Foto: Reprodu\u00e7\u00e3o\/IMDb e YouTube       <\/p>\n<p class=\" content-text__container \" data-track-category=\"Link no Texto\" data-track-links=\"\"> Em mais uma cena do trailer, o filho de Jermaine Jackson aparece com um figurino semelhante ao usado por Michael durante a apresenta\u00e7\u00e3o da m\u00fasica \u201cBad\u201d em um show no Est\u00e1dio de Wembley, no Reino Unido, em 1988. A apresenta\u00e7\u00e3o foi transformada no filme \u201cMichael Jackson: Live at Wembley July 16, 1988\u201d, lan\u00e7ado em 2012. <\/p>\n<p>       <img decoding=\"async\" class=\"content-media__image\"  src=\"https:\/\/www.europesays.com\/pt\/wp-content\/uploads\/2025\/11\/michael-jackson-man-in-the-mirror-live-1992-in-bucharest-remastered-full-hd-60fps-.jpg\" alt=\"Jaafar Jackson e Michael Jackson \u2014 Foto: Reprodu\u00e7\u00e3o\/IMDb e YouTube\" width=\"1920\" height=\"1080\" loading=\"lazy\"\/>  Jaafar Jackson e Michael Jackson \u2014 Foto: Reprodu\u00e7\u00e3o\/IMDb e YouTube       <\/p>\n<p class=\" content-text__container \" data-track-category=\"Link no Texto\" data-track-links=\"\"> Outra imagem de bastidor mostra Jaafar com uma roupa parecida \u00e0 usada pelo Rei do Pop em uma apresenta\u00e7\u00e3o de \u201cMan in the mirror\u201d, realizada em 1992. O show em quest\u00e3o aconteceu em Bucareste, capital da Rom\u00eania, e fez parte do \u201cDangerous World Tour\u201d \u2014 turn\u00ea realizada ap\u00f3s o lan\u00e7amento do \u00e1lbum \u201cDangerous\u201d, em 1991. <\/p>\n<p>        <img decoding=\"async\" class=\"content-media__image\"  src=\"https:\/\/www.europesays.com\/pt\/wp-content\/uploads\/2025\/11\/grammy-1985.jpg\" alt=\"Jaafar Jackson e Michael Jackson \u2014 Foto: Reprodu\u00e7\u00e3o\/IMDb e YouTube\" width=\"1920\" height=\"1080\" loading=\"lazy\"\/>  Jaafar Jackson e Michael Jackson \u2014 Foto: Reprodu\u00e7\u00e3o\/IMDb e YouTube       <\/p>\n<p class=\" content-text__container \" data-track-category=\"Link no Texto\" data-track-links=\"\"> No trailer, o sobrinho de Michael tamb\u00e9m aparece com uma jaqueta azul com detalhes dourados e \u00f3culos escuros estilo aviador. Roupa semelhante foi usada por Michael na 26\u00aa Edi\u00e7\u00e3o do Grammy, em 1984. Naquele ano, o cantor recebeu foi premiado com oito trof\u00e9us. Foram eles: <\/p>\n<ul class=\"content-unordered-list\">\n<li>\u201c\u00c1lbum do ano\u201d com \u201cThriller\u201d<\/li>\n<li>\u201cGrava\u00e7\u00e3o do ano\u201d com \u201cBeat it\u201d<\/li>\n<li>\u201cMelhor performance vocal masculina de Rock\u201d com \u201cBeat it\u201d<\/li>\n<li>\u201cMelhor performance vocal masculina de Pop\u201d com \u201cBillie Jean\u201d<\/li>\n<li>\u201cMelhor performance vocal masculina de R&amp;B\u201d com \u201cBillie Jean\u201d<\/li>\n<li>\u201cMelhor can\u00e7\u00e3o de R&amp;B\u201d com \u201cBillie Jean\u201d<\/li>\n<li>\u201cMelhor produ\u00e7\u00e3o\u201d com \u201cThriller\u201d<\/li>\n<li>\u201cMelhor grava\u00e7\u00e3o infantil\u201d com \u201cE.T. the extra-terrestrial\u201d<\/li>\n<\/ul>\n<p class=\" content-text__container \" data-track-category=\"Link no Texto\" data-track-links=\"\"> * Estagi\u00e1ria sob supervis\u00e3o de Eduardo Rodrigues  <\/p>\n","protected":false},"excerpt":{"rendered":"O trailer de \u201cMichael\u201d, cinematografia de Michael Jackson, impressionou ao mostrar um de seus sobrinhos, Jaafar Jackson, interpretando&hellip;\n","protected":false},"author":2,"featured_media":143127,"comment_status":"","ping_status":"","sticky":false,"template":"","format":"standard","meta":{"footnotes":""},"categories":[140],"tags":[114,115,147,148,6641,146,32,33],"class_list":{"0":"post-143126","1":"post","2":"type-post","3":"status-publish","4":"format-standard","5":"has-post-thumbnail","7":"category-filmes","8":"tag-entertainment","9":"tag-entretenimento","10":"tag-film","11":"tag-filmes","12":"tag-michael-jackson","13":"tag-movies","14":"tag-portugal","15":"tag-pt"},"share_on_mastodon":{"url":"https:\/\/pubeurope.com\/@pt\/115509477371310112","error":""},"_links":{"self":[{"href":"https:\/\/www.europesays.com\/pt\/wp-json\/wp\/v2\/posts\/143126","targetHints":{"allow":["GET"]}}],"collection":[{"href":"https:\/\/www.europesays.com\/pt\/wp-json\/wp\/v2\/posts"}],"about":[{"href":"https:\/\/www.europesays.com\/pt\/wp-json\/wp\/v2\/types\/post"}],"author":[{"embeddable":true,"href":"https:\/\/www.europesays.com\/pt\/wp-json\/wp\/v2\/users\/2"}],"replies":[{"embeddable":true,"href":"https:\/\/www.europesays.com\/pt\/wp-json\/wp\/v2\/comments?post=143126"}],"version-history":[{"count":0,"href":"https:\/\/www.europesays.com\/pt\/wp-json\/wp\/v2\/posts\/143126\/revisions"}],"wp:featuredmedia":[{"embeddable":true,"href":"https:\/\/www.europesays.com\/pt\/wp-json\/wp\/v2\/media\/143127"}],"wp:attachment":[{"href":"https:\/\/www.europesays.com\/pt\/wp-json\/wp\/v2\/media?parent=143126"}],"wp:term":[{"taxonomy":"category","embeddable":true,"href":"https:\/\/www.europesays.com\/pt\/wp-json\/wp\/v2\/categories?post=143126"},{"taxonomy":"post_tag","embeddable":true,"href":"https:\/\/www.europesays.com\/pt\/wp-json\/wp\/v2\/tags?post=143126"}],"curies":[{"name":"wp","href":"https:\/\/api.w.org\/{rel}","templated":true}]}}