{"id":143138,"date":"2025-11-07T17:12:14","date_gmt":"2025-11-07T17:12:14","guid":{"rendered":"https:\/\/www.europesays.com\/pt\/143138\/"},"modified":"2025-11-07T17:12:14","modified_gmt":"2025-11-07T17:12:14","slug":"antena-1-inicia-transmissoes-em-bento-goncalves-na-98-1-fm","status":"publish","type":"post","link":"https:\/\/www.europesays.com\/pt\/143138\/","title":{"rendered":"Antena 1 inicia transmiss\u00f5es em Bento Gon\u00e7alves na 98.1 FM"},"content":{"rendered":"<p>\n\t\t\t\tAntena 1 inicia transmiss\u00f5es em Bento Gon\u00e7alves na frequ\u00eancia 98.1 FM<br \/>\n\t\t\t\tAntena 1 inicia transmiss\u00f5es em Bento Gon\u00e7alves na frequ\u00eancia 98.1 FM<br \/>\n\t\t\t\tAntena 1 inicia transmiss\u00f5es em Bento Gon\u00e7alves na frequ\u00eancia 98.1 FM<br \/>\n\t\t\t\tAntena 1 inicia transmiss\u00f5es em Bento Gon\u00e7alves na frequ\u00eancia 98.1 FM\n\t\t\t<\/p>\n<p>\t\t\t1.0x\t\t<\/p>\n","protected":false},"excerpt":{"rendered":"Antena 1 inicia transmiss\u00f5es em Bento Gon\u00e7alves na frequ\u00eancia 98.1 FM Antena 1 inicia transmiss\u00f5es em Bento Gon\u00e7alves&hellip;\n","protected":false},"author":2,"featured_media":143139,"comment_status":"","ping_status":"","sticky":false,"template":"","format":"standard","meta":{"footnotes":""},"categories":[141],"tags":[20300,114,115,27191,149,150,32,33,766],"class_list":{"0":"post-143138","1":"post","2":"type-post","3":"status-publish","4":"format-standard","5":"has-post-thumbnail","7":"category-musica","8":"tag-bento-goncalves","9":"tag-entertainment","10":"tag-entretenimento","11":"tag-grupo-rscom","12":"tag-music","13":"tag-musica","14":"tag-portugal","15":"tag-pt","16":"tag-radio"},"share_on_mastodon":{"url":"https:\/\/pubeurope.com\/@pt\/115509535854603679","error":""},"_links":{"self":[{"href":"https:\/\/www.europesays.com\/pt\/wp-json\/wp\/v2\/posts\/143138","targetHints":{"allow":["GET"]}}],"collection":[{"href":"https:\/\/www.europesays.com\/pt\/wp-json\/wp\/v2\/posts"}],"about":[{"href":"https:\/\/www.europesays.com\/pt\/wp-json\/wp\/v2\/types\/post"}],"author":[{"embeddable":true,"href":"https:\/\/www.europesays.com\/pt\/wp-json\/wp\/v2\/users\/2"}],"replies":[{"embeddable":true,"href":"https:\/\/www.europesays.com\/pt\/wp-json\/wp\/v2\/comments?post=143138"}],"version-history":[{"count":0,"href":"https:\/\/www.europesays.com\/pt\/wp-json\/wp\/v2\/posts\/143138\/revisions"}],"wp:featuredmedia":[{"embeddable":true,"href":"https:\/\/www.europesays.com\/pt\/wp-json\/wp\/v2\/media\/143139"}],"wp:attachment":[{"href":"https:\/\/www.europesays.com\/pt\/wp-json\/wp\/v2\/media?parent=143138"}],"wp:term":[{"taxonomy":"category","embeddable":true,"href":"https:\/\/www.europesays.com\/pt\/wp-json\/wp\/v2\/categories?post=143138"},{"taxonomy":"post_tag","embeddable":true,"href":"https:\/\/www.europesays.com\/pt\/wp-json\/wp\/v2\/tags?post=143138"}],"curies":[{"name":"wp","href":"https:\/\/api.w.org\/{rel}","templated":true}]}}