{"id":143181,"date":"2025-11-07T17:57:24","date_gmt":"2025-11-07T17:57:24","guid":{"rendered":"https:\/\/www.europesays.com\/pt\/143181\/"},"modified":"2025-11-07T17:57:24","modified_gmt":"2025-11-07T17:57:24","slug":"band-negocia-com-disney-e-warner-por-series-e-novelas-07-11-2025-outro-canal","status":"publish","type":"post","link":"https:\/\/www.europesays.com\/pt\/143181\/","title":{"rendered":"Band negocia com Disney e Warner por s\u00e9ries e novelas &#8211; 07\/11\/2025 &#8211; Outro Canal"},"content":{"rendered":"<p>\n<strong class=\"c-signature__location\">Aracaju <\/strong>\n<\/p>\n<p>A <a href=\"https:\/\/www1.folha.uol.com.br\/folha-topicos\/band\/\" rel=\"nofollow noopener\" target=\"_blank\">Band<\/a> est\u00e1 negociando com a <a href=\"https:\/\/www1.folha.uol.com.br\/folha-topicos\/disney\/\" rel=\"nofollow noopener\" target=\"_blank\">Disney<\/a> e a Warner Bros Discovery para a exibi\u00e7\u00e3o de s\u00e9ries e novelas em hor\u00e1rio nobre a partir de 2026. O objetivo \u00e9 fechar uma parceria para a exibi\u00e7\u00e3o de produtos nacionais dos streamings das empresas americanas.<\/p>\n<p>  <a href=\"https:\/\/f5.folha.uol.com.br\/colunistas\/outro-canal\/\" rel=\"nofollow noopener\" target=\"_blank\"><br \/>\n    <img decoding=\"async\" src=\"https:\/\/www.europesays.com\/pt\/wp-content\/uploads\/2025\/10\/172599691166e09f6f54fe2_1725996911_1x1_xs.jpg\" alt=\"Foto de Outro Canal\" class=\"img-responsive c-lazyload\"\/><\/p>\n<p>  <\/a><\/p>\n<p class=\"author__description\">\n    Cobre diariamente os bastidores das novelas, do telejornalismo e da m\u00eddia esportiva. Tem como titular o jornalista Gabriel Vaquer\n  <\/p>\n","protected":false},"excerpt":{"rendered":"Aracaju A Band est\u00e1 negociando com a Disney e a Warner Bros Discovery para a exibi\u00e7\u00e3o de s\u00e9ries&hellip;\n","protected":false},"author":2,"featured_media":143182,"comment_status":"","ping_status":"","sticky":false,"template":"","format":"standard","meta":{"footnotes":""},"categories":[142],"tags":[1391,219,211,223,1579,31607,2866,114,115,224,225,226,4375,1583,221,220,222,2931,32,33,2867,940,2566,218,228,151,227,599,16809],"class_list":{"0":"post-143181","1":"post","2":"type-post","3":"status-publish","4":"format-standard","5":"has-post-thumbnail","7":"category-tv","8":"tag-band","9":"tag-bichos","10":"tag-celebridades","11":"tag-colunistas","12":"tag-disney","13":"tag-dona-beja","14":"tag-emissora-de-televiso","15":"tag-entertainment","16":"tag-entretenimento","17":"tag-estranho","18":"tag-eu-amo","19":"tag-fofices","20":"tag-grazi-massafera","21":"tag-hbo-max","22":"tag-horoscopo","23":"tag-humanos","24":"tag-humor","25":"tag-novela","26":"tag-portugal","27":"tag-pt","28":"tag-rede-bandeirantes","29":"tag-streaming","30":"tag-televiso","31":"tag-televisao","32":"tag-tudo","33":"tag-tv","34":"tag-videos","35":"tag-warner","36":"tag-warner-bros-discovery"},"share_on_mastodon":{"url":"https:\/\/pubeurope.com\/@pt\/115509713049981592","error":""},"_links":{"self":[{"href":"https:\/\/www.europesays.com\/pt\/wp-json\/wp\/v2\/posts\/143181","targetHints":{"allow":["GET"]}}],"collection":[{"href":"https:\/\/www.europesays.com\/pt\/wp-json\/wp\/v2\/posts"}],"about":[{"href":"https:\/\/www.europesays.com\/pt\/wp-json\/wp\/v2\/types\/post"}],"author":[{"embeddable":true,"href":"https:\/\/www.europesays.com\/pt\/wp-json\/wp\/v2\/users\/2"}],"replies":[{"embeddable":true,"href":"https:\/\/www.europesays.com\/pt\/wp-json\/wp\/v2\/comments?post=143181"}],"version-history":[{"count":0,"href":"https:\/\/www.europesays.com\/pt\/wp-json\/wp\/v2\/posts\/143181\/revisions"}],"wp:featuredmedia":[{"embeddable":true,"href":"https:\/\/www.europesays.com\/pt\/wp-json\/wp\/v2\/media\/143182"}],"wp:attachment":[{"href":"https:\/\/www.europesays.com\/pt\/wp-json\/wp\/v2\/media?parent=143181"}],"wp:term":[{"taxonomy":"category","embeddable":true,"href":"https:\/\/www.europesays.com\/pt\/wp-json\/wp\/v2\/categories?post=143181"},{"taxonomy":"post_tag","embeddable":true,"href":"https:\/\/www.europesays.com\/pt\/wp-json\/wp\/v2\/tags?post=143181"}],"curies":[{"name":"wp","href":"https:\/\/api.w.org\/{rel}","templated":true}]}}