{"id":143205,"date":"2025-11-07T18:22:07","date_gmt":"2025-11-07T18:22:07","guid":{"rendered":"https:\/\/www.europesays.com\/pt\/143205\/"},"modified":"2025-11-07T18:22:07","modified_gmt":"2025-11-07T18:22:07","slug":"kremlin-nega-perda-de-confianca-de-putin-em-lavrov-russia","status":"publish","type":"post","link":"https:\/\/www.europesays.com\/pt\/143205\/","title":{"rendered":"Kremlin nega perda de confian\u00e7a de Putin em Lavrov | R\u00fassia"},"content":{"rendered":"<p>O Kremlin negou publicamente a exist\u00eancia de um desentendimento ou de um cen\u00e1rio de perda de confian\u00e7a de Vladimir Putin, Presidente da Federa\u00e7\u00e3o Russa, em Serguei Lavrov, ministro dos Neg\u00f3cios Estrangeiros do pa\u00eds h\u00e1 mais de 20 anos, negociador implac\u00e1vel e <a href=\"https:\/\/www.publico.pt\/2022\/03\/03\/mundo\/noticia\/serguei-lavrov-mr-nyet-putin-confiar-1997545\" target=\"_blank\" rel=\"nofollow noopener\">figura muito pr\u00f3xima do chefe de Estado<\/a>.<\/p>\n<p>Respondendo aos jornalistas que o confrontaram nesta sexta-feira com as not\u00edcias veiculadas pela imprensa independente russa e internacional sobre a suposta desaven\u00e7a, Dmitri Peskov, porta-voz do Kremlin, declarou, citado pela Reuters: \u201cDeixem-me dar-vos uma resposta breve: n\u00e3o h\u00e1 nada de verdadeiro nessas not\u00edcias. Lavrov est\u00e1 a trabalhar como ministro dos Neg\u00f3cios Estrangeiros, claro\u201d.<\/p>\n<p>A especula\u00e7\u00e3o subiu de tom quando o Moscow Times \u2013 sediado desde 2022 nos Pa\u00edses Baixos \u2013 noticiou que Lavrov n\u00e3o participou na reuni\u00e3o de quarta-feira do importante Conselho de Seguran\u00e7a da R\u00fassia, da qual resultou um pedido de Putin \u00e0s chefias militares do pa\u00eds para a elabora\u00e7\u00e3o de propostas para a <a href=\"https:\/\/www.publico.pt\/2025\/11\/05\/mundo\/noticia\/putin-abre-caminho-testes-nucleares-russos-resposta-trump-2153505\" target=\"_blank\" rel=\"nofollow noopener\">realiza\u00e7\u00e3o de testes nucleares<\/a>.<\/p>\n<p>        &#13;<\/p>\n<p>&#13;<br \/>\n                &#13;\n            <\/p>\n<p>&#13;<\/p>\n<p>O Kommersant, jornal econ\u00f3mico alinhado com o Kremlin, escreveu que a aus\u00eancia do ministro, que \u00e9 membro permanente daquele \u00f3rg\u00e3o, foi justificada com um \u201cacordo pr\u00e9vio\u201d.<\/p>\n<p>A essa falta de compar\u00eancia somou-se, no entanto, o facto de Serguei Lavrov tamb\u00e9m n\u00e3o ter encabe\u00e7ado a delega\u00e7\u00e3o russa que viajou at\u00e9 \u00e0 Mal\u00e1sia e \u00e0 Coreia do Sul, no final do m\u00eas passado, para participar nas cimeiras da Associa\u00e7\u00e3o das Na\u00e7\u00f5es do Sudeste Asi\u00e1tico (<a href=\"https:\/\/www.publico.pt\/2025\/10\/26\/mundo\/noticia\/trump-mostra-asia-conseguir-mao-cheia-acordos-2152220\" target=\"_blank\" rel=\"nofollow noopener\">ASEAN<\/a>) e do F\u00f3rum Coopera\u00e7\u00e3o Econ\u00f3mica \u00c1sia-Pac\u00edfico (APEC).<\/p>\n<p>Alexei Overchu, vice-primeiro-ministro russo, foi o homem escolhido para representar Moscovo no Extremo-Oriente, num conjunto de eventos diplom\u00e1ticos de alto n\u00edvel que contaram, por exemplo, com <a href=\"https:\/\/www.publico.pt\/2025\/10\/30\/economia\/noticia\/eua-china-acordam-tregua-ano-tarifas-2152681\" target=\"_blank\" rel=\"nofollow noopener\">Donald Trump<\/a>, Presidente dos Estados Unidos, e dezenas de outros l\u00edderes pol\u00edticos mundiais.<\/p>\n<p>Para al\u00e9m disso, e ao contr\u00e1rio do que costuma acontecer <a href=\"https:\/\/www.publico.pt\/2023\/08\/22\/mundo\/noticia\/novas-adesoes-cima-mesa-cimeira-brics-2060841\" target=\"_blank\" rel=\"nofollow noopener\">quando Putin n\u00e3o quer ou n\u00e3o pode viajar<\/a> \u2013 o Presidente russo \u00e9 alvo de um <a href=\"https:\/\/www.publico.pt\/2023\/03\/17\/mundo\/noticia\/tribunal-penal-internacional-emite-mandado-prisao-putin-2042826\" target=\"_blank\" rel=\"nofollow noopener\">mandado de captura<\/a> do Tribunal Penal Internacional no \u00e2mbito das acusa\u00e7\u00f5es de crimes de guerra na Ucr\u00e2nia \u2013, Lavrov tamb\u00e9m n\u00e3o vai ser o representante da R\u00fassia na pr\u00f3xima cimeira do G20, agendada para daqui a duas semanas em Joanesburgo, na \u00c1frica do Sul.<\/p>\n<p>Maxim Oreshkin, vice-chefe de gabinete da Presid\u00eancia, ir\u00e1 em representa\u00e7\u00e3o do chefe de Estado, numa decis\u00e3o que, segundo Peskov, foi tomada pelo pr\u00f3prio Vladimir Putin.<\/p>\n<p>Segundo o Politico, a \u00faltima apari\u00e7\u00e3o p\u00fablica de Lavrov foi no dia 28 do m\u00eas passado, quando participou numa confer\u00eancia sobre seguran\u00e7a no espa\u00e7o geogr\u00e1fico euro-asi\u00e1tico em Minsk, capital da Bielorr\u00fassia.<\/p>\n<p>Os rumores sobre a suposta perda de confian\u00e7a de Putin num dos seus principais aliados pol\u00edticos nas \u00faltimas d\u00e9cadas come\u00e7aram quando o Financial Times publicou uma <a href=\"https:\/\/www.ft.com\/content\/d6655fb1-31af-4da8-85f7-085a8fc00969\" target=\"_blank\" rel=\"nofollow noopener\">not\u00edcia <\/a>baseada em fontes oficiais e diplom\u00e1ticas com conhecimento sobre um telefonema descrito como \u201ctenso\u201d entre Lavrov e Marco Rubio, secret\u00e1rio de Estado norte-americano, no dia 20 de Outubro.<\/p>\n<p>        &#13;<\/p>\n<p>&#13;<br \/>\n                &#13;\n            <\/p>\n<p>&#13;<\/p>\n<p>Em causa, nessa conversa, estavam os preparativos para a realiza\u00e7\u00e3o de uma <a href=\"https:\/\/www.publico.pt\/2025\/10\/16\/mundo\/noticia\/trump-vai-reunirse-putin-budapeste-2151128\" target=\"_blank\" rel=\"nofollow noopener\">cimeira em Budapeste, na Hungria<\/a>, entre Putin e Trump, anunciada pelo pr\u00f3prio Presidente dos EUA, que tinha como objectivo abrir caminho para negocia\u00e7\u00f5es de cessar-fogo na Ucr\u00e2nia.<\/p>\n<p>Foi, no entanto, na sequ\u00eancia desse telefonema, que Trump declarou que <a href=\"https:\/\/www.publico.pt\/2025\/10\/22\/mundo\/noticia\/trump-nao-quer-reuniao-desperdicada-putin-orban-preparativos-continuam-2151716\" target=\"_blank\" rel=\"nofollow noopener\">n\u00e3o queria \u201cperder tempo\u201d<\/a> numa \u201creuni\u00e3o desperdi\u00e7ada\u201d com o seu hom\u00f3logo russo, uma vez que Lavrov disse a Rubio que Moscovo \u201cn\u00e3o alterou a sua posi\u00e7\u00e3o em rela\u00e7\u00e3o aos entendimentos que foram alcan\u00e7ados na <a href=\"https:\/\/www.publico.pt\/2025\/08\/16\/mundo\/noticia\/putin-quer-acordo-abrangente-nao-cessarfogo-trump-zelensky-vai-washington-2144120\" target=\"_blank\" rel=\"nofollow noopener\">cimeira do Alasca<\/a>\u201d, a \u00faltima reuni\u00e3o presencial entre os dois presidentes, em Agosto.<\/p>\n<p>Dias depois, a Casa Branca anunciou mesmo <a href=\"https:\/\/www.publico.pt\/2025\/10\/23\/mundo\/noticia\/trump-justifica-sancoes-russia-falo-vladimir-boas-conversas-nao-levam-lado-2151856\" target=\"_blank\" rel=\"nofollow noopener\">san\u00e7\u00f5es contra as gigantes petrol\u00edferas russas Lukoil e Rosneft<\/a> e Trump disse que as \u201cboas conversas\u201d com Putin nunca \u201clevam a lado nenhum\u201d.<\/p>\n<p>As exig\u00eancias russas para negociar um cessar-fogo ou um acordo de paz com Kiev s\u00e3o a desmilitariza\u00e7\u00e3o da Ucr\u00e2nia; a anexa\u00e7\u00e3o do Donbass; o afastamento de Volodymyr Zelensky, Presidente da Ucr\u00e2nia; e o fim do alargamento da NATO para o Leste europeu.<\/p>\n<p>Fontes dentro da Administra\u00e7\u00e3o norte-americana disseram ao FT que Lavrov foi particularmente \u201cintransigente\u201d com Rubio, o que foi visto tanto por Trump, como por Putin, como factor decisivo para a cimeira em Budapeste ter sido adiada e, depois, <a href=\"https:\/\/www.publico.pt\/2025\/10\/31\/mundo\/noticia\/trump-cancela-cimeira-putin-moscovo-demonstrou-falta-interesse-negociar-2152835\" target=\"_blank\" rel=\"nofollow noopener\">cancelada<\/a>.<\/p>\n<p>\u201cLavrov est\u00e1 claramente cansado e parece achar que tem coisas melhores para fazer do que se reunir ou dialogar com os Estados Unidos, independentemente do que o Presidente Putin possa querer\u201d, disse uma das fontes ao di\u00e1rio brit\u00e2nico.<\/p>\n<p>Citada pela ag\u00eancia noticiosa russa Tass, Maria Zakharova, porta-voz do Minist\u00e9rio dos Neg\u00f3cios Estrangeiros, disse esta sexta-feira, por\u00e9m, que a not\u00edcia do Financial Times \u00e9 \u201capenas mais um elemento da guerra h\u00edbrida travada contra a R\u00fassia pelo Ocidente\u201d.<\/p>\n","protected":false},"excerpt":{"rendered":"O Kremlin negou publicamente a exist\u00eancia de um desentendimento ou de um cen\u00e1rio de perda de confian\u00e7a de&hellip;\n","protected":false},"author":2,"featured_media":143206,"comment_status":"","ping_status":"","sticky":false,"template":"","format":"standard","meta":{"footnotes":""},"categories":[50],"tags":[27,28,92,15,16,889,14,25,26,21,22,62,12,13,19,20,23,24,839,22627,17,18,29,30,31,2415,63,64,65],"class_list":{"0":"post-143205","1":"post","2":"type-post","3":"status-publish","4":"format-standard","5":"has-post-thumbnail","7":"category-mundo","8":"tag-breaking-news","9":"tag-breakingnews","10":"tag-donald-trump","11":"tag-featured-news","12":"tag-featurednews","13":"tag-guerra-na-ucrania","14":"tag-headlines","15":"tag-latest-news","16":"tag-latestnews","17":"tag-main-news","18":"tag-mainnews","19":"tag-mundo","20":"tag-news","21":"tag-noticias","22":"tag-noticias-principais","23":"tag-noticiasprincipais","24":"tag-principais-noticias","25":"tag-principaisnoticias","26":"tag-russia","27":"tag-serguei-lavrov","28":"tag-top-stories","29":"tag-topstories","30":"tag-ultimas","31":"tag-ultimas-noticias","32":"tag-ultimasnoticias","33":"tag-vladimir-putin","34":"tag-world","35":"tag-world-news","36":"tag-worldnews"},"share_on_mastodon":{"url":"https:\/\/pubeurope.com\/@pt\/115509811304490422","error":""},"_links":{"self":[{"href":"https:\/\/www.europesays.com\/pt\/wp-json\/wp\/v2\/posts\/143205","targetHints":{"allow":["GET"]}}],"collection":[{"href":"https:\/\/www.europesays.com\/pt\/wp-json\/wp\/v2\/posts"}],"about":[{"href":"https:\/\/www.europesays.com\/pt\/wp-json\/wp\/v2\/types\/post"}],"author":[{"embeddable":true,"href":"https:\/\/www.europesays.com\/pt\/wp-json\/wp\/v2\/users\/2"}],"replies":[{"embeddable":true,"href":"https:\/\/www.europesays.com\/pt\/wp-json\/wp\/v2\/comments?post=143205"}],"version-history":[{"count":0,"href":"https:\/\/www.europesays.com\/pt\/wp-json\/wp\/v2\/posts\/143205\/revisions"}],"wp:featuredmedia":[{"embeddable":true,"href":"https:\/\/www.europesays.com\/pt\/wp-json\/wp\/v2\/media\/143206"}],"wp:attachment":[{"href":"https:\/\/www.europesays.com\/pt\/wp-json\/wp\/v2\/media?parent=143205"}],"wp:term":[{"taxonomy":"category","embeddable":true,"href":"https:\/\/www.europesays.com\/pt\/wp-json\/wp\/v2\/categories?post=143205"},{"taxonomy":"post_tag","embeddable":true,"href":"https:\/\/www.europesays.com\/pt\/wp-json\/wp\/v2\/tags?post=143205"}],"curies":[{"name":"wp","href":"https:\/\/api.w.org\/{rel}","templated":true}]}}