{"id":143234,"date":"2025-11-07T18:53:09","date_gmt":"2025-11-07T18:53:09","guid":{"rendered":"https:\/\/www.europesays.com\/pt\/143234\/"},"modified":"2025-11-07T18:53:09","modified_gmt":"2025-11-07T18:53:09","slug":"imigracao-foi-tema-de-conversa-montenegro-tranquiliza-lula-na-questao-da-comunidade-brasileira-em-portugal","status":"publish","type":"post","link":"https:\/\/www.europesays.com\/pt\/143234\/","title":{"rendered":"Imigra\u00e7\u00e3o foi tema de conversa. Montenegro tranquiliza Lula na quest\u00e3o da comunidade brasileira em Portugal"},"content":{"rendered":"<p>Questionado sobre as altera\u00e7\u00f5es da Lei da Nacionalidade, <b>o primeiro-ministro portugu\u00eas assegurou que o presidente do Brasil n\u00e3o se mostrou incomodado, relativamente aos cidad\u00e3os brasileiros em Portugal.<br \/>&#13;<br \/>\n<\/b><br \/>\n&#8220;O contexto n\u00e3o foi de inc\u00f3modo, foi de esclarecimento&#8221;, respondeu aos jornalistas, adiantando que &#8220;a forma como algumas not\u00edcias aparecem &#8211; e como alguns agentes pol\u00edticos tamb\u00e9m falam sobre determinados temas &#8211; provoca d\u00favida&#8221;.<\/p>\n<p>          <img decoding=\"async\" itemprop=\"image\" class=\"img-fluid\"   src=\"https:\/\/www.europesays.com\/pt\/wp-content\/uploads\/2025\/11\/90b18cb495432a51dac1e3820855e11a_N.jpg\"\/><\/p>\n<p> &#8220;Numa conversa franca, pude expor os princ\u00edpios das altera\u00e7\u00f5es legais que estamos a promover&#8221;.<\/p>\n<p>\nDurante a conversa entre os dois respons\u00e1veis, o primeiro-ministro<br \/>\nlembrou a Lula da Silva, que, apesar das mudan\u00e7as da lei da<br \/>\nnacionalidade, est\u00e1 previsto &#8220;para os pa\u00edses que falam portugu\u00eas que a<br \/>\nexig\u00eancia sejam sete anos de resid\u00eancia em Portugal&#8221;.<\/p>\n<p>Segundo o primeiro-ministro portugu\u00eas, a exig\u00eancia vai &#8220;passar de cinco &#13;<br \/>\npara sete anos, ao contr\u00e1rio daquilo que acontece com a generalidade dos&#13;<br \/>\npa\u00edses&#8221; a quem se ir\u00e1 &#8220;exigir 10 anos de resid\u00eancia&#8221;.<br \/>&#13;<br \/>\n<b><br \/>&#13;<br \/>\n&#8220;A comunidade brasileira tem, neste momento, uma import\u00e2ncia muito significativa na economia portuguesa. <\/b>Est\u00e1 muito bem integrada. N\u00e3o h\u00e1 nenhum problema com a comunidade brasileira, de uma forma geral&#8221;.<\/p>\n<p>&#8220;Temos neste momento uma excelente rela\u00e7\u00e3o entre os governos de Portugal e do Brasil. E temos tamb\u00e9m um acompanhamento muito pr\u00f3ximo das nossas comunidades&#8221;<\/p>\n<p><b>O primeiro-ministro considerou que ser\u00e1 necess\u00e1rio &#8220;deixar uma palavra de maior tranquiliza\u00e7\u00e3o&#8221; aos nacionais brasileiros<\/b> que &#8220;possam estar interessados em construir projetos de vida em Portugal&#8221;.<\/p>\n<p>&#13;<br \/>\n&#8220;N\u00f3s somos um pa\u00eds aberto, que os acolher\u00e1, assim se possa garantir que esses projetos sejam alicer\u00e7ados no mercado de trabalho e na capacidade de integra\u00e7\u00e3o plena&#8221;.&#13;\n<\/p>\n<p>&#13;<br \/>\nLu\u00eds Montenegro aproveitou para dizer a Lula da Silva que os brasileiros podem olhar para Portugal com otimismo.&#13;\n<\/p>\n<p>&#13;<br \/>\nc\/ Lusa&#13;<\/p>\n","protected":false},"excerpt":{"rendered":"Questionado sobre as altera\u00e7\u00f5es da Lei da Nacionalidade, o primeiro-ministro portugu\u00eas assegurou que o presidente do Brasil n\u00e3o&hellip;\n","protected":false},"author":2,"featured_media":143235,"comment_status":"","ping_status":"","sticky":false,"template":"","format":"standard","meta":{"footnotes":""},"categories":[10],"tags":[27,28,31590,15,16,14,25,26,21,22,12,13,19,20,32,23,24,33,17,18,29,30,31],"class_list":{"0":"post-143234","1":"post","2":"type-post","3":"status-publish","4":"format-standard","5":"has-post-thumbnail","7":"category-portugal","8":"tag-breaking-news","9":"tag-breakingnews","10":"tag-cop-cimeira","11":"tag-featured-news","12":"tag-featurednews","13":"tag-headlines","14":"tag-latest-news","15":"tag-latestnews","16":"tag-main-news","17":"tag-mainnews","18":"tag-news","19":"tag-noticias","20":"tag-noticias-principais","21":"tag-noticiasprincipais","22":"tag-portugal","23":"tag-principais-noticias","24":"tag-principaisnoticias","25":"tag-pt","26":"tag-top-stories","27":"tag-topstories","28":"tag-ultimas","29":"tag-ultimas-noticias","30":"tag-ultimasnoticias"},"share_on_mastodon":{"url":"https:\/\/pubeurope.com\/@pt\/115509933343130084","error":""},"_links":{"self":[{"href":"https:\/\/www.europesays.com\/pt\/wp-json\/wp\/v2\/posts\/143234","targetHints":{"allow":["GET"]}}],"collection":[{"href":"https:\/\/www.europesays.com\/pt\/wp-json\/wp\/v2\/posts"}],"about":[{"href":"https:\/\/www.europesays.com\/pt\/wp-json\/wp\/v2\/types\/post"}],"author":[{"embeddable":true,"href":"https:\/\/www.europesays.com\/pt\/wp-json\/wp\/v2\/users\/2"}],"replies":[{"embeddable":true,"href":"https:\/\/www.europesays.com\/pt\/wp-json\/wp\/v2\/comments?post=143234"}],"version-history":[{"count":0,"href":"https:\/\/www.europesays.com\/pt\/wp-json\/wp\/v2\/posts\/143234\/revisions"}],"wp:featuredmedia":[{"embeddable":true,"href":"https:\/\/www.europesays.com\/pt\/wp-json\/wp\/v2\/media\/143235"}],"wp:attachment":[{"href":"https:\/\/www.europesays.com\/pt\/wp-json\/wp\/v2\/media?parent=143234"}],"wp:term":[{"taxonomy":"category","embeddable":true,"href":"https:\/\/www.europesays.com\/pt\/wp-json\/wp\/v2\/categories?post=143234"},{"taxonomy":"post_tag","embeddable":true,"href":"https:\/\/www.europesays.com\/pt\/wp-json\/wp\/v2\/tags?post=143234"}],"curies":[{"name":"wp","href":"https:\/\/api.w.org\/{rel}","templated":true}]}}