{"id":143240,"date":"2025-11-07T18:58:12","date_gmt":"2025-11-07T18:58:12","guid":{"rendered":"https:\/\/www.europesays.com\/pt\/143240\/"},"modified":"2025-11-07T18:58:12","modified_gmt":"2025-11-07T18:58:12","slug":"casa-dos-segredos-sogra-de-marisa-da-opiniao-sobre-proximidade-com-bruno-se-parte-para-outro-ramo","status":"publish","type":"post","link":"https:\/\/www.europesays.com\/pt\/143240\/","title":{"rendered":"Casa dos Segredos &#8211; Sogra de Marisa d\u00e1 opini\u00e3o sobre proximidade com Bruno: &#8220;Se parte para outro ramo&#8230;&#8221;"},"content":{"rendered":"<p>Na casa mais vigiada do pa\u00eds\u00a0poucos imaginam que<strong> Pedro Jorge <\/strong>e<strong> Marisa <\/strong>s\u00e3o, na verdade, um casal e que as discuss\u00f5es entre ambos s\u00e3o frequentemente motivadas por crises de ci\u00fames.<\/p>\n<p>A verdade \u00e9 que tamb\u00e9m a crescente proximidade entre Marisa e <strong>Bruno <\/strong>tem dado que falar e, ao que tudo indica, tem deixado Pedro cada vez mais incomodado.<\/p>\n<blockquote>\n<p><strong>Leia ainda: <\/strong>Casa dos Segredos &#8211; <a href=\"https:\/\/www.novagente.pt\/casa-dos-segredos-irma-de-marisa-defende-filhos-apos-confronto-com-pedro-jorge-esta-ser-complicado\" rel=\"nofollow noopener\" target=\"_blank\">Irm\u00e3 de Marisa defende filhos ap\u00f3s confronto com Pedro Jorge: &#8220;Est\u00e1 a ser complicado gerir&#8221;<\/a><\/p>\n<\/blockquote>\n<p>Mas, afinal, o que pensa a fam\u00edlia sobre esta proximidade dentro da casa? Se, por um lado, a irm\u00e3 de Marisa, <strong>Filipa<\/strong>, acredita que a concorrente v\u00ea em Bruno uma figura paternal, a <a href=\"https:\/\/www.novagente.pt\/casa-dos-segredos-sogra-de-marisa-surpreendida-com-comportamento-dentro-da-casa-nunca-vi\" rel=\"nofollow noopener\" target=\"_blank\">sogra<\/a>, <strong>Regina<\/strong>, tem uma vis\u00e3o bem diferente.<\/p>\n<p>&#8220;Eu n\u00e3o vejo que a Marisa veja o Bruno como um pai. N\u00e3o \u00e9 isso que eu vejo. Eu vejo um amigo, um apoio como homem. Se parte para outro ramo, n\u00e3o consigo ainda perceber. Mas \u00e9 como um apoio&#8221;,\u00a0disse Regina, m\u00e3e de Pedro, no Dois \u00e0s 10 desta quinta-feira, dia 6 de novembro.<\/p>\n<p>Bruna Gomes fala sobre Casa dos Segredos 9\u00a0<\/p>\n<p>Texto: Beatriz Soares; Fotos: DR e Redes Sociais.\u00a0<\/p>\n<p class=\"intagram-text\">Siga a Nova Gente no Instagram<\/p>\n<p>                        <a href=\"https:\/\/www.instagram.com\/revistanovagente\/\" target=\"_blank\" aria-label=\"instagram\" rel=\"noopener nofollow\"><img decoding=\"async\" style=\"display: block; margin-left: auto; margin-right: auto; width: 250px; height: 83px;\" src=\"https:\/\/www.europesays.com\/pt\/wp-content\/uploads\/2025\/10\/Instagram_NG.png\" alt=\"instagram\"\/><\/a><br \/>\n                    <script async src=\"\/\/www.instagram.com\/embed.js\"><\/script><\/p>\n","protected":false},"excerpt":{"rendered":"Na casa mais vigiada do pa\u00eds\u00a0poucos imaginam que Pedro Jorge e Marisa s\u00e3o, na verdade, um casal e&hellip;\n","protected":false},"author":2,"featured_media":143241,"comment_status":"","ping_status":"","sticky":false,"template":"","format":"standard","meta":{"footnotes":""},"categories":[142],"tags":[2632,166,114,115,19184,21416,32,33,1315,151,162],"class_list":{"0":"post-143240","1":"post","2":"type-post","3":"status-publish","4":"format-standard","5":"has-post-thumbnail","7":"category-tv","8":"tag-casa-dos-segredos","9":"tag-cristina-ferreira","10":"tag-entertainment","11":"tag-entretenimento","12":"tag-marisa","13":"tag-pedro-jorge","14":"tag-portugal","15":"tag-pt","16":"tag-secret-story","17":"tag-tv","18":"tag-tvi"},"share_on_mastodon":{"url":"https:\/\/pubeurope.com\/@pt\/115509952877761059","error":""},"_links":{"self":[{"href":"https:\/\/www.europesays.com\/pt\/wp-json\/wp\/v2\/posts\/143240","targetHints":{"allow":["GET"]}}],"collection":[{"href":"https:\/\/www.europesays.com\/pt\/wp-json\/wp\/v2\/posts"}],"about":[{"href":"https:\/\/www.europesays.com\/pt\/wp-json\/wp\/v2\/types\/post"}],"author":[{"embeddable":true,"href":"https:\/\/www.europesays.com\/pt\/wp-json\/wp\/v2\/users\/2"}],"replies":[{"embeddable":true,"href":"https:\/\/www.europesays.com\/pt\/wp-json\/wp\/v2\/comments?post=143240"}],"version-history":[{"count":0,"href":"https:\/\/www.europesays.com\/pt\/wp-json\/wp\/v2\/posts\/143240\/revisions"}],"wp:featuredmedia":[{"embeddable":true,"href":"https:\/\/www.europesays.com\/pt\/wp-json\/wp\/v2\/media\/143241"}],"wp:attachment":[{"href":"https:\/\/www.europesays.com\/pt\/wp-json\/wp\/v2\/media?parent=143240"}],"wp:term":[{"taxonomy":"category","embeddable":true,"href":"https:\/\/www.europesays.com\/pt\/wp-json\/wp\/v2\/categories?post=143240"},{"taxonomy":"post_tag","embeddable":true,"href":"https:\/\/www.europesays.com\/pt\/wp-json\/wp\/v2\/tags?post=143240"}],"curies":[{"name":"wp","href":"https:\/\/api.w.org\/{rel}","templated":true}]}}