{"id":143248,"date":"2025-11-07T19:05:08","date_gmt":"2025-11-07T19:05:08","guid":{"rendered":"https:\/\/www.europesays.com\/pt\/143248\/"},"modified":"2025-11-07T19:05:08","modified_gmt":"2025-11-07T19:05:08","slug":"oe2026-margem-para-propostas-e-de-260-milhoes-de-euros","status":"publish","type":"post","link":"https:\/\/www.europesays.com\/pt\/143248\/","title":{"rendered":"OE2026. Margem para propostas \u00e9 de 260 milh\u00f5es de euros"},"content":{"rendered":"<p>No Parlamento, Joaquim Miranda Sarmento afirmou esta sexta-feira que a margem or\u00e7amental prevista pelo Or\u00e7amento do Estado para 2026, entregue pelo Governo, \u00e9 de 260 milh\u00f5es de euros. <b>Acrescentou que \u00e9 com essa margem que os partidos devem contar para as altera\u00e7\u00f5es que apresentam.\u00a0<\/b><\/p>\n<p><b>&#8220;N\u00f3s fizemos um or\u00e7amento a reduzir impostos, a executar o PRR e com isso temos um saldo or\u00e7amental de cerca de 260 milh\u00f5es de euros, o que corresponde a 0,1% do PIB. E \u00e9 com essa margem or\u00e7amental que o Parlamento tem de trabalhar&#8221;<\/b>, afirmou o respons\u00e1vel pela pasta das Finan\u00e7as.<br \/>&#13;\n<\/p>\n<p>          <img decoding=\"async\" itemprop=\"image\" class=\"img-fluid\"   src=\"https:\/\/www.europesays.com\/pt\/wp-content\/uploads\/2025\/11\/1884d9106410abf68f5ab16032d313bc_N.jpg\"\/><\/p>\n<p>\u00a0\u00a0<br \/>\nO ministro acrescentou que caber\u00e1 agora ao Parlamento decidir, perante<br \/>\nas propostas j\u00e1 apresentadas ou que ser\u00e3o ainda apresentadas, <b>se os deputados querem manter o Or\u00e7amento tal como foi proposto, com um super\u00e1vit de 0,1% do PIB que permite &#8220;executar 0,8% do PIB de empr\u00e9stimos PRR&#8221;, ou se preferem n\u00e3o ter um excedente.\u00a0<\/b>\u00a0<\/p>\n<p>&#13;<br \/>\nMais de duas mil propostas entregues&#13;\n<\/p>\n<p>&#13;<br \/>\nAt\u00e9 \u00e0s 18h15, tinham sido entregues 2.026 propostas de altera\u00e7\u00e3o do Or\u00e7amento deram entrada no Parlamento. Termina esta sexta-feira o prazo para os partidos apresentarem propostas.<b>\u00a0<\/b>&#13;\n<\/p>\n<p>&#13;<br \/>\nForam entregues 49 propostas do PSD\/CDS-PP,\u00a0612 do Chega, 103 do PS, 104 da Iniciativa Liberal, 248 do Livre, 515 do PCP, 101 do BE, 179 do PAN e 50 do JPP.&#13;\n<\/p>\n<p><b>Hoje \u00e9 tamb\u00e9m o \u00faltimo dia para a discuss\u00e3o do documento na especialidade. O prazo para entrega de propostas era at\u00e9 \u00e0s 18h00, mas tal como noutros anos, foi prorrogado.\u00a0<\/b><\/p>\n<p>No ano passado, atingiu-se um recorde de propostas de altera\u00e7\u00e3o, quando os partidos entregaram 2.123 propostas. <\/p>\n<p>O Governo entregou a 9 de outubro no Parlamento o OE2026, na v\u00e9spera do prazo limite e tr\u00eas dias antes das elei\u00e7\u00f5es aut\u00e1rquicas.<\/p>\n<p>No cen\u00e1rio macroecon\u00f3mico, o Governo PSD\/CDS-PP prev\u00ea que o Produto Interno Bruto (PIB) cres\u00e7a 2% neste ano e 2,3% em 2026.<\/p>\n<p>O executivo pretende alcan\u00e7ar excedentes de 0,3% do PIB neste ano e de 0,1% no pr\u00f3ximo. Quanto ao r\u00e1cio da d\u00edvida, estima a sua redu\u00e7\u00e3o para 90,2% do PIB em 2025 e 87,8% em 2026.<br \/>&#13;<br \/>\n<b><br \/>&#13;<br \/>\nA proposta de Or\u00e7amento foi aprovada na generalidade a 28 de outubro e a vota\u00e7\u00e3o final global est\u00e1 marcada para 27 de novembro.<\/b><br \/>&#13;<br \/>\n<b><br \/>&#13;<br \/>\n<\/b>c\/ Lusa&#13;<\/p>\n","protected":false},"excerpt":{"rendered":"No Parlamento, Joaquim Miranda Sarmento afirmou esta sexta-feira que a margem or\u00e7amental prevista pelo Or\u00e7amento do Estado para&hellip;\n","protected":false},"author":2,"featured_media":143249,"comment_status":"","ping_status":"","sticky":false,"template":"","format":"standard","meta":{"footnotes":""},"categories":[83],"tags":[2837,88,89,90,3905,23550,8497,32,33],"class_list":{"0":"post-143248","1":"post","2":"type-post","3":"status-publish","4":"format-standard","5":"has-post-thumbnail","7":"category-empresas","8":"tag-2837","9":"tag-business","10":"tag-economy","11":"tag-empresas","12":"tag-financas","13":"tag-joaquim-miranda-sarmento","14":"tag-orcamento-do-estado","15":"tag-portugal","16":"tag-pt"},"share_on_mastodon":{"url":"https:\/\/pubeurope.com\/@pt\/115509980478580936","error":""},"_links":{"self":[{"href":"https:\/\/www.europesays.com\/pt\/wp-json\/wp\/v2\/posts\/143248","targetHints":{"allow":["GET"]}}],"collection":[{"href":"https:\/\/www.europesays.com\/pt\/wp-json\/wp\/v2\/posts"}],"about":[{"href":"https:\/\/www.europesays.com\/pt\/wp-json\/wp\/v2\/types\/post"}],"author":[{"embeddable":true,"href":"https:\/\/www.europesays.com\/pt\/wp-json\/wp\/v2\/users\/2"}],"replies":[{"embeddable":true,"href":"https:\/\/www.europesays.com\/pt\/wp-json\/wp\/v2\/comments?post=143248"}],"version-history":[{"count":0,"href":"https:\/\/www.europesays.com\/pt\/wp-json\/wp\/v2\/posts\/143248\/revisions"}],"wp:featuredmedia":[{"embeddable":true,"href":"https:\/\/www.europesays.com\/pt\/wp-json\/wp\/v2\/media\/143249"}],"wp:attachment":[{"href":"https:\/\/www.europesays.com\/pt\/wp-json\/wp\/v2\/media?parent=143248"}],"wp:term":[{"taxonomy":"category","embeddable":true,"href":"https:\/\/www.europesays.com\/pt\/wp-json\/wp\/v2\/categories?post=143248"},{"taxonomy":"post_tag","embeddable":true,"href":"https:\/\/www.europesays.com\/pt\/wp-json\/wp\/v2\/tags?post=143248"}],"curies":[{"name":"wp","href":"https:\/\/api.w.org\/{rel}","templated":true}]}}