{"id":143267,"date":"2025-11-07T19:19:18","date_gmt":"2025-11-07T19:19:18","guid":{"rendered":"https:\/\/www.europesays.com\/pt\/143267\/"},"modified":"2025-11-07T19:19:18","modified_gmt":"2025-11-07T19:19:18","slug":"aumentos-ate-127-euros-por-mes-vem-ai-mexidas-nas-pensoes-em-2026-e-isto-e-o-que-ja-se-sabe","status":"publish","type":"post","link":"https:\/\/www.europesays.com\/pt\/143267\/","title":{"rendered":"Aumentos at\u00e9 127 euros por m\u00eas: v\u00eam a\u00ed mexidas nas pens\u00f5es em 2026 e isto \u00e9 o que j\u00e1 se sabe"},"content":{"rendered":"<p>\t                Ministra do Trabalho confirmou aumentos no Parlamento<\/p>\n<p style=\"margin-bottom:11px\">O Governo anunciou esta sexta-feira que os pensionistas v\u00e3o voltar a receber aumentos em 2026, admitindo at\u00e9 a atribui\u00e7\u00e3o de um suplemento extraordin\u00e1rio, ainda que deixe esse cen\u00e1rio para o futuro, j\u00e1 que depende da folga or\u00e7amental.<\/p>\n<p>Em declara\u00e7\u00f5es no Parlamento no \u00e2mbito da discuss\u00e3o na especialidade do Or\u00e7amento do Estado para 2026, a ministra do Trabalho e da Seguran\u00e7a Social confirmou que o Governo vai \u201cproceder ao aumento das pens\u00f5es \u00e0 taxa legal\u201d e \u201chavendo folga or\u00e7amental\u201d atribuir um novo suplemento extraordin\u00e1rio aos pensionistas com reformas mais baixas.<\/p>\n<p>O mesmo \u00e9 dizer que, segundo Maria do Ros\u00e1rio Palma Ramalho, os pensionistas que recebam valores mais baixos v\u00e3o ver o rendimento atualizado em 2,79%.<\/p>\n<p>\u00c9 o caso das pessoas que recebam pens\u00f5es no valor de at\u00e9 dois Indexante dos Apoios Sociais (IAS), atualmente cifrado em 522,50 euros. Quer isto dizer que todos os pensionistas que recebam at\u00e9 1.045 euros devem ver esse rendimento subir em 2,79%.<\/p>\n<p>A t\u00edtulo de exemplo, uma pens\u00e3o de 522,50 euros passar\u00e1 a ser, em 2026, de 537 euros, enquanto. Uma pens\u00e3o de 783,75 euros (valor interm\u00e9dio) passar\u00e1 a ser de 805,61 euros. J\u00e1 a pens\u00e3o m\u00e1xima, de 1.045 euros, passar\u00e1 para 1074,15 euros.<\/p>\n<p>De acordo com a ministra do Trabalho, este aumento ser\u00e1 aplicado a cerca de 90% dos pensionistas.<\/p>\n<p>Em resposta ao deputado socialista Miguel Cabrita, a governante disse ainda que o aumento das pens\u00f5es entre dois e seis IAS (entre 1.045 euros e a 3.135 euros) \u201cdever\u00e3o ter um aumento de 2,29%, ou seja, igual \u00e0 infla\u00e7\u00e3o\u201d, pelo que a atualiza\u00e7\u00e3o \u00e9 \u201cneutra em termos de poder de compra\u201d.<\/p>\n<p>Significa isso que um pensionista que ganhe os tais 3.135 euros passar\u00e1 a auferir 3.206,79 euros a partir de 2026.<\/p>\n<p>\u201cS\u00f3 as pens\u00f5es acima de 6 IAS \u00e9 que dever\u00e3o ficar 0,25% abaixo da infla\u00e7\u00e3o\u201d, isto \u00e9, perdendo poder de compra, admitiu a ministra, sublinhando, no entanto, que \u201cestas pens\u00f5es s\u00e3o 1% das pens\u00f5es em Portugal\u201d.<\/p>\n<p>Na verdade, a ministra queria dizer 0,25 pontos percentuais abaixo da infla\u00e7\u00e3o, o que significa 2,04%. Acima de 6.270 euros n\u00e3o haver\u00e1 atualiza\u00e7\u00e3o. Se tomarmos como exemplo esse valor, o aumento ser\u00e1 de 127 euros, passando esses pensionistas a receber 6.397 euros por m\u00eas.<\/p>\n<p>Questionada pelo mesmo deputado sobre o parecer do CES, que defende um aumento permanente das pens\u00f5es em vez de medidas pontuais, Palma Ramalho disse que o Governo est\u00e1 &#8220;em desacordo com o princ\u00edpio&#8221; e insistiu numa atualiza\u00e7\u00e3o das pens\u00f5es seguindo a f\u00f3rmula legal.<\/p>\n<p>&#8220;N\u00f3s temos que proteger todas as pens\u00f5es. [&#8230;] Isso significa que o or\u00e7amento tem que ser, desse ponto de vista, um or\u00e7amento cuidadoso que n\u00e3o ponha em causa a sustentabilidade das contas p\u00fablicas e, nomeadamente, n\u00e3o ponha em causa a sustentabilidade de todas as pens\u00f5es, incluindo as pens\u00f5es futuras dos trabalhadores\u201d, apontou.<\/p>\n<p>Segundo a ministra, ao aumento de 640 milh\u00f5es de euros das pens\u00f5es da Seguran\u00e7a Social, devem somar-se \u201c300 milh\u00f5es de euros que correspondem ao aumento das pens\u00f5es da Caixa Geral de Aposenta\u00e7\u00f5es&#8221;, o que perfaz 940 milh\u00f5es de euros de aumento permanente para o conjunto dos pensionistas.<\/p>\n<p>A ministra lembrou ainda que a estes valores acresce a despesa com o aumento do complemento solid\u00e1rio para idosos, no valor de 120 milh\u00f5es de euros, o que se traduz num aumento permanente superior a mil milh\u00f5es de euros em 2026.<\/p>\n<p>Alguns partidos j\u00e1 apresentaram propostas de altera\u00e7\u00e3o no sentido de se avan\u00e7ar com um aumento permanente das pens\u00f5es, incluindo Chega e PCP. Concretamente sobre a proposta dos comunistas, que prop\u00f5em um aumento permanente de 5%, a governante disse que a despesa \u00e9 &#8220;incomport\u00e1vel&#8221;, ascendendo a quatro mil milh\u00f5es de euros.<\/p>\n","protected":false},"excerpt":{"rendered":"Ministra do Trabalho confirmou aumentos no Parlamento O Governo anunciou esta sexta-feira que os pensionistas v\u00e3o voltar a&hellip;\n","protected":false},"author":2,"featured_media":143268,"comment_status":"","ping_status":"","sticky":false,"template":"","format":"standard","meta":{"footnotes":""},"categories":[83],"tags":[609,836,611,31611,27,88,607,608,333,832,604,135,610,476,89,90,301,830,603,570,831,833,62,834,13,835,602,11697,52,32,33,17583,29],"class_list":{"0":"post-143267","1":"post","2":"type-post","3":"status-publish","4":"format-standard","5":"has-post-thumbnail","7":"category-empresas","8":"tag-alerta","9":"tag-analise","10":"tag-ao-minuto","11":"tag-aumentos","12":"tag-breaking-news","13":"tag-business","14":"tag-cnn","15":"tag-cnn-portugal","16":"tag-comentadores","17":"tag-costa","18":"tag-crime","19":"tag-desporto","20":"tag-direto","21":"tag-economia","22":"tag-economy","23":"tag-empresas","24":"tag-governo","25":"tag-guerra","26":"tag-justica","27":"tag-live","28":"tag-mais-vistas","29":"tag-marcelo","30":"tag-mundo","31":"tag-negocios","32":"tag-noticias","33":"tag-opiniao","34":"tag-pais","35":"tag-pensionistas","36":"tag-politica","37":"tag-portugal","38":"tag-pt","39":"tag-reformas","40":"tag-ultimas"},"share_on_mastodon":{"url":"https:\/\/pubeurope.com\/@pt\/115510035404198212","error":""},"_links":{"self":[{"href":"https:\/\/www.europesays.com\/pt\/wp-json\/wp\/v2\/posts\/143267","targetHints":{"allow":["GET"]}}],"collection":[{"href":"https:\/\/www.europesays.com\/pt\/wp-json\/wp\/v2\/posts"}],"about":[{"href":"https:\/\/www.europesays.com\/pt\/wp-json\/wp\/v2\/types\/post"}],"author":[{"embeddable":true,"href":"https:\/\/www.europesays.com\/pt\/wp-json\/wp\/v2\/users\/2"}],"replies":[{"embeddable":true,"href":"https:\/\/www.europesays.com\/pt\/wp-json\/wp\/v2\/comments?post=143267"}],"version-history":[{"count":0,"href":"https:\/\/www.europesays.com\/pt\/wp-json\/wp\/v2\/posts\/143267\/revisions"}],"wp:featuredmedia":[{"embeddable":true,"href":"https:\/\/www.europesays.com\/pt\/wp-json\/wp\/v2\/media\/143268"}],"wp:attachment":[{"href":"https:\/\/www.europesays.com\/pt\/wp-json\/wp\/v2\/media?parent=143267"}],"wp:term":[{"taxonomy":"category","embeddable":true,"href":"https:\/\/www.europesays.com\/pt\/wp-json\/wp\/v2\/categories?post=143267"},{"taxonomy":"post_tag","embeddable":true,"href":"https:\/\/www.europesays.com\/pt\/wp-json\/wp\/v2\/tags?post=143267"}],"curies":[{"name":"wp","href":"https:\/\/api.w.org\/{rel}","templated":true}]}}