{"id":143269,"date":"2025-11-07T19:20:13","date_gmt":"2025-11-07T19:20:13","guid":{"rendered":"https:\/\/www.europesays.com\/pt\/143269\/"},"modified":"2025-11-07T19:20:13","modified_gmt":"2025-11-07T19:20:13","slug":"despreocupacao-de-trump-com-desmaio-de-empresario-em-plena-sala-oval-torna-se-viral","status":"publish","type":"post","link":"https:\/\/www.europesays.com\/pt\/143269\/","title":{"rendered":"Despreocupa\u00e7\u00e3o de Trump com desmaio de empres\u00e1rio em plena Sala Oval torna-se viral"},"content":{"rendered":"<p data-remotead-prev-elm=\"true\" data-remotead-elm-id=\"inread\">Um evento na Sala Oval, quinta-feira, foi interrompido repentinamente quando um dos convidados desmaiou atr\u00e1s do presidente norte-americano Donald Trump. O republicano comunicava uma redu\u00e7\u00e3o no pre\u00e7o de f\u00e1rmacos para a obesidade quando um empres\u00e1rio da ind\u00fastria farmac\u00eautica sentiu-se mal e caiu inanimado no ch\u00e3o.<\/p>\n<p>A rea\u00e7\u00e3o despreocupada de Trump \u00e0 situa\u00e7\u00e3o ins\u00f3lita correu as redes sociais. &#8220;Ele caiu, mas est\u00e1 bem. N\u00f3s apenas o lev\u00e1mos para fora e ele est\u00e1 a receber cuidados m\u00e9dicos&#8221;, disse o presidente, antes de retomar a interven\u00e7\u00e3o.<\/p>\n<p>Nas imagens que correm a Internet, \u00e9 poss\u00edvel ver Mehmet Oz, administrador das seguradoras Medicare e Medicaid, a correr para acudir o empres\u00e1rio, que teria sido identificado como Gordon Finlay, executivo da Novo Nordisk A\/S. A empresa acabou, no entanto, por desmentir que se tratasse do seu funcion\u00e1rio.<\/p>\n<blockquote class=\"twitter-tweet\">\n<p>Someone passed out in front of Donald Trump in the Oval Office and this is how he reacted. A photo that perfectly encapsulates who he is.<\/p>\n<p>Via Andrew Harnik of Getty. <a href=\"https:\/\/t.co\/7wxiq2uv33\" rel=\"nofollow\">pic.twitter.com\/7wxiq2uv33<\/a><\/p>\n<p>&#8211; Harry Sisson (@harryjsisson) <a href=\"https:\/\/twitter.com\/harryjsisson\/status\/1986512141755490526?ref_src=twsrc%5Etfw\" rel=\"nofollow noopener\" target=\"_blank\">November 6, 2025<\/a><\/p><\/blockquote>\n<p data-remotead-prev-elm=\"true\" data-remotead-elm-id=\"centro1\">Os fot\u00f3grafos e jornalistas foram imediatamente retirados da sala e, posteriormente, Karoline Leavitt, assessora de imprensa da Casa Branca, esclareceu que a unidade m\u00e9dica &#8220;agiu rapidamente e o senhor est\u00e1 bem&#8221;.<\/p>\n<p><img decoding=\"async\" class=\"ngx-body\" guid=\"2db69784-920b-4613-9d9e-f3ace9afb10c\" src=\"https:\/\/www.europesays.com\/pt\/wp-content\/uploads\/2025\/11\/1762543213_974_image.jpg\" width=\"100%\"\/>Foto: Andrew Caballero-Reynolds \/ AFP<\/p>\n<p>Caso o acordo proposto na confer\u00eancia se concretize., as farmac\u00eauticas Eli Lilly &amp; Co. e Novo Nordisk A\/S conseguir\u00e3o ampliar o acesso a medicamentos contra a obesidade &#8211; como Ozempic e Wegovy -, disponibilizando-os aos consumidores atrav\u00e9s do TrumpRx. O novo portal governamental dever\u00e1 ser lan\u00e7ado no pr\u00f3ximo ano.<\/p>\n<p><script async src=\"https:\/\/platform.twitter.com\/widgets.js\" charset=\"utf-8\"><\/script><\/p>\n","protected":false},"excerpt":{"rendered":"Um evento na Sala Oval, quinta-feira, foi interrompido repentinamente quando um dos convidados desmaiou atr\u00e1s do presidente norte-americano&hellip;\n","protected":false},"author":2,"featured_media":143270,"comment_status":"","ping_status":"","sticky":false,"template":"","format":"standard","meta":{"footnotes":""},"categories":[50],"tags":[27,28,5914,92,15,16,14,25,26,21,22,62,12,13,19,20,23,24,17,18,29,30,31,63,64,65],"class_list":{"0":"post-143269","1":"post","2":"type-post","3":"status-publish","4":"format-standard","5":"has-post-thumbnail","7":"category-mundo","8":"tag-breaking-news","9":"tag-breakingnews","10":"tag-casa-branca","11":"tag-donald-trump","12":"tag-featured-news","13":"tag-featurednews","14":"tag-headlines","15":"tag-latest-news","16":"tag-latestnews","17":"tag-main-news","18":"tag-mainnews","19":"tag-mundo","20":"tag-news","21":"tag-noticias","22":"tag-noticias-principais","23":"tag-noticiasprincipais","24":"tag-principais-noticias","25":"tag-principaisnoticias","26":"tag-top-stories","27":"tag-topstories","28":"tag-ultimas","29":"tag-ultimas-noticias","30":"tag-ultimasnoticias","31":"tag-world","32":"tag-world-news","33":"tag-worldnews"},"share_on_mastodon":{"url":"https:\/\/pubeurope.com\/@pt\/115510039466655287","error":""},"_links":{"self":[{"href":"https:\/\/www.europesays.com\/pt\/wp-json\/wp\/v2\/posts\/143269","targetHints":{"allow":["GET"]}}],"collection":[{"href":"https:\/\/www.europesays.com\/pt\/wp-json\/wp\/v2\/posts"}],"about":[{"href":"https:\/\/www.europesays.com\/pt\/wp-json\/wp\/v2\/types\/post"}],"author":[{"embeddable":true,"href":"https:\/\/www.europesays.com\/pt\/wp-json\/wp\/v2\/users\/2"}],"replies":[{"embeddable":true,"href":"https:\/\/www.europesays.com\/pt\/wp-json\/wp\/v2\/comments?post=143269"}],"version-history":[{"count":0,"href":"https:\/\/www.europesays.com\/pt\/wp-json\/wp\/v2\/posts\/143269\/revisions"}],"wp:featuredmedia":[{"embeddable":true,"href":"https:\/\/www.europesays.com\/pt\/wp-json\/wp\/v2\/media\/143270"}],"wp:attachment":[{"href":"https:\/\/www.europesays.com\/pt\/wp-json\/wp\/v2\/media?parent=143269"}],"wp:term":[{"taxonomy":"category","embeddable":true,"href":"https:\/\/www.europesays.com\/pt\/wp-json\/wp\/v2\/categories?post=143269"},{"taxonomy":"post_tag","embeddable":true,"href":"https:\/\/www.europesays.com\/pt\/wp-json\/wp\/v2\/tags?post=143269"}],"curies":[{"name":"wp","href":"https:\/\/api.w.org\/{rel}","templated":true}]}}