{"id":143292,"date":"2025-11-07T19:36:38","date_gmt":"2025-11-07T19:36:38","guid":{"rendered":"https:\/\/www.europesays.com\/pt\/143292\/"},"modified":"2025-11-07T19:36:38","modified_gmt":"2025-11-07T19:36:38","slug":"il-retira-confianca-politica-a-vereadora-e-reitera-recusa-em-integrar-executivos-com-chega","status":"publish","type":"post","link":"https:\/\/www.europesays.com\/pt\/143292\/","title":{"rendered":"IL retira confian\u00e7a pol\u00edtica a vereadora e reitera recusa em integrar executivos com Chega"},"content":{"rendered":"<p data-remotead-prev-elm=\"true\" data-remotead-elm-id=\"inread\">Mariana Leit\u00e3o pediu ainda que Eunice Baeta renunciasse ao cargo de vogal da Comiss\u00e3o Executiva do partido, &#8220;por n\u00e3o estarem reunidas as condi\u00e7\u00f5es de confian\u00e7a pol\u00edtica para o continuar a exercer, o que foi aceite&#8221;, divulgou a IL em comunicado.<\/p>\n<p>Nesse comunicado, assinado pela l\u00edder da IL, Mariana Leit\u00e3o revela que Eunice Baeta, vereadora eleita pela coliga\u00e7\u00e3o PSD\/IL\/PAN em Sintra, informou-a na quinta-feira que tomou a decis\u00e3o de integrar um executivo com vereadores do Chega, &#8220;violando a decis\u00e3o tomada pela Comiss\u00e3o Executiva da IL&#8221;.<\/p>\n<p>&#8220;A 21 de outubro, a Comiss\u00e3o Executiva da Iniciativa Liberal deliberou em reuni\u00e3o n\u00e3o aceitar a integra\u00e7\u00e3o de vereadores do Chega nos executivos camar\u00e1rios onde a IL est\u00e1 integrada na governa\u00e7\u00e3o em coliga\u00e7\u00e3o com o PSD. Esta posi\u00e7\u00e3o foi aprovada com apenas um voto contra e nenhuma absten\u00e7\u00e3o&#8221;, l\u00ea-se na nota.<\/p>\n<p data-remotead-prev-elm=\"true\" data-remotead-elm-id=\"centro1\">Assim, Mariana Leit\u00e3o decidiu &#8220;retirar a confian\u00e7a pol\u00edtica&#8221; a Eunice Baeta, &#8220;deixando o seu mandato de ser exercido em representa\u00e7\u00e3o da Iniciativa Liberal&#8221;, decis\u00e3o essa que diz ter comunicado &#8220;primeiro \u00e0 pr\u00f3pria ap\u00f3s ter conhecimento da sua decis\u00e3o&#8221;.<\/p>\n<p>A l\u00edder da IL sublinha que o partido &#8220;sempre disse que nunca integraria qualquer governo com o Chega&#8221; e reafirma &#8220;essa posi\u00e7\u00e3o intranspon\u00edvel&#8221;.<\/p>\n<p>&#8220;A Iniciativa Liberal n\u00e3o partilha nem tolera o populismo, o autoritarismo ou o \u00f3dio que o Chega amplifica e representa. N\u00e3o h\u00e1 compromisso poss\u00edvel entre quem defende a liberdade individual, a responsabilidade e o Estado de Direito com quem vive da divis\u00e3o, da demagogia e do ataque \u00e0s institui\u00e7\u00f5es democr\u00e1ticas&#8221;, sustenta.<\/p>\n<p data-remotead-prev-elm=\"true\" data-remotead-elm-id=\"centro2\">Segundo Mariana Leit\u00e3o, &#8220;a Iniciativa Liberal n\u00e3o abdica dos seus princ\u00edpios por cargo nenhum, nem viabiliza nem branqueia o projeto pol\u00edtico do partido Chega&#8221;.<\/p>\n<p>Acordo com o Chega<\/p>\n<p>Na quinta-feira, a socialista Ana Mendes Godinho disse \u00e0 Lusa que a coliga\u00e7\u00e3o PSD\/IL\/PAN, que lidera a C\u00e2mara de Sintra, &#8220;optou por fazer um acordo com o Chega&#8221; no executivo, enquanto fonte pr\u00f3xima do social-democrata Marco Almeida recusou &#8220;discuss\u00f5es p\u00fablicas sobre cargos&#8221;.<\/p>\n<p>Ana Mendes Godinho acrescentou que na reuni\u00e3o do executivo da c\u00e2mara de hoje &#8220;est\u00e1 em cima da mesa a nomea\u00e7\u00e3o de administradores para as empresas municipais indicados pelo Chega&#8221;.<\/p>\n<p data-remotead-prev-elm=\"true\" data-remotead-elm-id=\"centro3\">A candidatura Sempre com os Sintrenses, liderada por Marco Almeida, obteve nas elei\u00e7\u00f5es de 12 de outubro 33,86% dos votos e quatro mandatos, \u00e0 frente da antiga ministra Ana Mendes Godinho (PS\/Livre), com 31,67% e tamb\u00e9m quatro eleitos, seguindo-se Rita Matias, do Chega, com 23,38% e tr\u00eas mandatos.<\/p>\n<p>O antigo presidente da autarquia Fernando Seara venceu as elei\u00e7\u00f5es para a assembleia municipal, pela coliga\u00e7\u00e3o PSD\/IL\/PAN, \u00e0 frente do socialista Jo\u00e3o Soares (PS\/Livre), e ap\u00f3s a tomada de posse, no s\u00e1bado, apresentou para aprova\u00e7\u00e3o uma lista que incluiu um eleito do Chega num lugar da mesa da assembleia.<\/p>\n<p>O executivo re\u00fane-se hoje pela primeira vez, nos Pa\u00e7os do Concelho, e na ordem de trabalhos constam a delega\u00e7\u00e3o de compet\u00eancias da c\u00e2mara no presidente, a fixa\u00e7\u00e3o de cinco vereadores em regime de perman\u00eancia e a exonera\u00e7\u00e3o dos representantes do munic\u00edpio nas empresas locais e de entidades intermunicipais, e designa\u00e7\u00e3o dos novos representantes.<\/p>\n<p data-remotead-prev-elm=\"true\" data-remotead-elm-id=\"centro4\">Na proposta de designa\u00e7\u00e3o de novos representantes, a que a Lusa teve acesso, Marco Almeida prop\u00f5e Rui Caetano para presidente da administra\u00e7\u00e3o dos Servi\u00e7os Municipalizados de \u00c1gua e Saneamento (SMAS) e Paulo Gomes e Rui Covas Sim\u00f5es como vogais, e os vereadores Francisco Duarte (PSD) e Anabela Macedo (Chega) para a Associa\u00e7\u00e3o de Cascais, Mafra, Oeiras e Sintra para o Tratamento de Res\u00edduos S\u00f3lidos (AMTRES).<\/p>\n<p>A vereadora Andreia Bernardo (PSD) \u00e9 designada para a Empresa Municipal de Estacionamento de Sintra (EMES) e para a Funda\u00e7\u00e3o Cultursintra, juntamente com Marco Almeida e um representante do PS, enquanto Ricardo Arag\u00e3o Pinto (Chega) \u00e9 designado para a A2S &#8211; Associa\u00e7\u00e3o para o Desenvolvimento Sustent\u00e1vel da Regi\u00e3o Saloia, e Eunice Baeta (IL) para a Nanomat &#8211; Associa\u00e7\u00e3o para Investiga\u00e7\u00e3o e Desenvolvimento em Materiais Avan\u00e7ados e Aplica\u00e7\u00f5es.<\/p>\n","protected":false},"excerpt":{"rendered":"Mariana Leit\u00e3o pediu ainda que Eunice Baeta renunciasse ao cargo de vogal da Comiss\u00e3o Executiva do partido, &#8220;por&hellip;\n","protected":false},"author":2,"featured_media":143293,"comment_status":"","ping_status":"","sticky":false,"template":"","format":"standard","meta":{"footnotes":""},"categories":[8],"tags":[27,28,1736,21359,15,16,14,4578,25,26,352,21,22,12,13,19,20,32,23,24,33,17,18,29,30,31],"class_list":{"0":"post-143292","1":"post","2":"type-post","3":"status-publish","4":"format-standard","5":"has-post-thumbnail","7":"category-principais-noticias","8":"tag-breaking-news","9":"tag-breakingnews","10":"tag-chega","11":"tag-concelho-sintra","12":"tag-featured-news","13":"tag-featurednews","14":"tag-headlines","15":"tag-iniciativa-liberal","16":"tag-latest-news","17":"tag-latestnews","18":"tag-local","19":"tag-main-news","20":"tag-mainnews","21":"tag-news","22":"tag-noticias","23":"tag-noticias-principais","24":"tag-noticiasprincipais","25":"tag-portugal","26":"tag-principais-noticias","27":"tag-principaisnoticias","28":"tag-pt","29":"tag-top-stories","30":"tag-topstories","31":"tag-ultimas","32":"tag-ultimas-noticias","33":"tag-ultimasnoticias"},"share_on_mastodon":{"url":"https:\/\/pubeurope.com\/@pt\/115510102213445101","error":""},"_links":{"self":[{"href":"https:\/\/www.europesays.com\/pt\/wp-json\/wp\/v2\/posts\/143292","targetHints":{"allow":["GET"]}}],"collection":[{"href":"https:\/\/www.europesays.com\/pt\/wp-json\/wp\/v2\/posts"}],"about":[{"href":"https:\/\/www.europesays.com\/pt\/wp-json\/wp\/v2\/types\/post"}],"author":[{"embeddable":true,"href":"https:\/\/www.europesays.com\/pt\/wp-json\/wp\/v2\/users\/2"}],"replies":[{"embeddable":true,"href":"https:\/\/www.europesays.com\/pt\/wp-json\/wp\/v2\/comments?post=143292"}],"version-history":[{"count":0,"href":"https:\/\/www.europesays.com\/pt\/wp-json\/wp\/v2\/posts\/143292\/revisions"}],"wp:featuredmedia":[{"embeddable":true,"href":"https:\/\/www.europesays.com\/pt\/wp-json\/wp\/v2\/media\/143293"}],"wp:attachment":[{"href":"https:\/\/www.europesays.com\/pt\/wp-json\/wp\/v2\/media?parent=143292"}],"wp:term":[{"taxonomy":"category","embeddable":true,"href":"https:\/\/www.europesays.com\/pt\/wp-json\/wp\/v2\/categories?post=143292"},{"taxonomy":"post_tag","embeddable":true,"href":"https:\/\/www.europesays.com\/pt\/wp-json\/wp\/v2\/tags?post=143292"}],"curies":[{"name":"wp","href":"https:\/\/api.w.org\/{rel}","templated":true}]}}