{"id":143298,"date":"2025-11-07T19:41:12","date_gmt":"2025-11-07T19:41:12","guid":{"rendered":"https:\/\/www.europesays.com\/pt\/143298\/"},"modified":"2025-11-07T19:41:12","modified_gmt":"2025-11-07T19:41:12","slug":"radios-do-grupo-bandeirantes-ampliam-cobertura-do-gp-de-sao-paulo-de-formula-1","status":"publish","type":"post","link":"https:\/\/www.europesays.com\/pt\/143298\/","title":{"rendered":"R\u00e1dios do Grupo Bandeirantes ampliam cobertura do GP de S\u00e3o Paulo de F\u00f3rmula 1"},"content":{"rendered":"<p>As r\u00e1dios jornal\u00edsticas do <strong>Grupo Bandeirantes de Comunica\u00e7\u00e3o<\/strong> preparam uma opera\u00e7\u00e3o especial para a cobertura do <strong>Grande Pr\u00eamio de S\u00e3o Paulo de F\u00f3rmula 1<\/strong>, que ser\u00e1 realizado neste domingo (9), no <strong>Aut\u00f3dromo de Interlagos<\/strong>. A programa\u00e7\u00e3o j\u00e1 conta com movimenta\u00e7\u00f5es desde a quarta-feira (6), com destaque para transmiss\u00f5es ao vivo e flashes informativos ao longo de toda a grade.<\/p>\n<p>Na <strong>R\u00e1dio Bandeirantes<\/strong>, a cobertura da F1 come\u00e7a \u00e0s 6h do s\u00e1bado (8), durante o jornal <strong>O Pulo do Gato<\/strong>, com entradas ao vivo dos rep\u00f3rteres <strong>Pedro Martelli, Paulo do Valle<\/strong> e <strong>Guilherme Oliveira<\/strong>, direto do circuito paulistano. A emissora acompanhar\u00e1 todos os momentos do evento at\u00e9 o domingo, com boletins ao vivo e a transmiss\u00e3o da corrida principal em rede com a <strong>TV Band<\/strong>. No s\u00e1bado, \u00e0s 12h, vai ao ar o programa <strong>Bandeirada<\/strong>, comandado por <strong>Reginaldo Leme<\/strong> e <strong>Fred Sabino<\/strong>, trazendo an\u00e1lises e entrevistas direto dos boxes de Interlagos.<\/p>\n<p>A <strong>BandNews FM<\/strong> tamb\u00e9m mobiliza uma equipe dedicada para o evento. A cobertura tem in\u00edcio \u00e0s 7h de s\u00e1bado com entradas ao vivo de <strong>F\u00e1bio Fran\u00e7a, Luana Pereira, Alinne Fanelli<\/strong> e <strong>Yuri Queiroga<\/strong>. \u00c0s 10h40, a emissora transmite a <strong>corrida sprint<\/strong>, e \u00e0s 14h20, o <strong>treino classificat\u00f3rio<\/strong>, ambos com narra\u00e7\u00e3o de <strong>Odinei Edson<\/strong> e coment\u00e1rios de <strong>Alessandra Alves, F\u00e1bio Fran\u00e7a, Lu\u00eds Fernando Ramos, Cac\u00e1 Bueno<\/strong> e <strong>Rodolpho Santos<\/strong>. No domingo, a cobertura tem in\u00edcio \u00e0s 8h com flashes informativos, culminando na narra\u00e7\u00e3o da prova principal \u00e0s 13h.<\/p>\n<p style=\"text-align: center;\"><img decoding=\"async\" alt=\"\" src=\"https:\/\/www.europesays.com\/pt\/wp-content\/uploads\/2025\/11\/690e099965d3f.jpg\" style=\"height:396px; width:599px\" \/><br \/>&#13;<br \/>\nMax Wilson, Sergio Mauricio, Mariana Becker, Felipe Giaffone e Reginaldo Leme est\u00e3o na equipe de transmiss\u00e3o da F\u00f3rmula 1 &#8211; Cr\u00e9dito: Renato Pizzutto\/Band<\/p>\n<p>Al\u00e9m da atua\u00e7\u00e3o no r\u00e1dio, o <strong>Grupo Bandeirantes<\/strong> tamb\u00e9m promover\u00e1 cobertura multiplataforma com transmiss\u00f5es pela <strong>Band<\/strong>, <strong>BandSports<\/strong>, <strong>Band.com.br<\/strong> e <strong>Bandplay<\/strong>, destacando conte\u00fados jornal\u00edsticos e esportivos, como os treinos, classifica\u00e7\u00f5es, corridas da <strong>Porsche Carrera Cup<\/strong> e a movimenta\u00e7\u00e3o nos bastidores do evento.<\/p>\n<p>A <strong>Band<\/strong> \u00e9 a detentora dos direitos de transmiss\u00e3o da F\u00f3rmula 1 no Brasil desde 2021, e o GP de S\u00e3o Paulo \u00e9 considerado um dos pontos altos da temporada para a emissora, que vem integrando TV, r\u00e1dio e digital em sua cobertura do campeonato mundial.<\/p>\n<p>&#13;<br \/>\n\t\t\t\tTags:&#13;<br \/>\n\t\t\t\tF\u00f3rmula 1, R\u00e1dio Bandeirantes, BandNews FM, Grupo Bandeirantes, GP de S\u00e3o Paulo, Interlagos, transmiss\u00e3o de r\u00e1dio&#13;\n\t\t\t<\/p>\n","protected":false},"excerpt":{"rendered":"As r\u00e1dios jornal\u00edsticas do Grupo Bandeirantes de Comunica\u00e7\u00e3o preparam uma opera\u00e7\u00e3o especial para a cobertura do Grande Pr\u00eamio&hellip;\n","protected":false},"author":2,"featured_media":143299,"comment_status":"","ping_status":"","sticky":false,"template":"","format":"standard","meta":{"footnotes":""},"categories":[141],"tags":[28494,114,115,971,31618,31617,31619,149,150,32,33,28495,31620],"class_list":{"0":"post-143298","1":"post","2":"type-post","3":"status-publish","4":"format-standard","5":"has-post-thumbnail","7":"category-musica","8":"tag-bandnews-fm","9":"tag-entertainment","10":"tag-entretenimento","11":"tag-formula-1","12":"tag-gp-de-sao-paulo","13":"tag-grupo-bandeirantes","14":"tag-interlagos","15":"tag-music","16":"tag-musica","17":"tag-portugal","18":"tag-pt","19":"tag-radio-bandeirantes","20":"tag-transmissao-de-radio"},"share_on_mastodon":{"url":"https:\/\/pubeurope.com\/@pt\/115510122017058279","error":""},"_links":{"self":[{"href":"https:\/\/www.europesays.com\/pt\/wp-json\/wp\/v2\/posts\/143298","targetHints":{"allow":["GET"]}}],"collection":[{"href":"https:\/\/www.europesays.com\/pt\/wp-json\/wp\/v2\/posts"}],"about":[{"href":"https:\/\/www.europesays.com\/pt\/wp-json\/wp\/v2\/types\/post"}],"author":[{"embeddable":true,"href":"https:\/\/www.europesays.com\/pt\/wp-json\/wp\/v2\/users\/2"}],"replies":[{"embeddable":true,"href":"https:\/\/www.europesays.com\/pt\/wp-json\/wp\/v2\/comments?post=143298"}],"version-history":[{"count":0,"href":"https:\/\/www.europesays.com\/pt\/wp-json\/wp\/v2\/posts\/143298\/revisions"}],"wp:featuredmedia":[{"embeddable":true,"href":"https:\/\/www.europesays.com\/pt\/wp-json\/wp\/v2\/media\/143299"}],"wp:attachment":[{"href":"https:\/\/www.europesays.com\/pt\/wp-json\/wp\/v2\/media?parent=143298"}],"wp:term":[{"taxonomy":"category","embeddable":true,"href":"https:\/\/www.europesays.com\/pt\/wp-json\/wp\/v2\/categories?post=143298"},{"taxonomy":"post_tag","embeddable":true,"href":"https:\/\/www.europesays.com\/pt\/wp-json\/wp\/v2\/tags?post=143298"}],"curies":[{"name":"wp","href":"https:\/\/api.w.org\/{rel}","templated":true}]}}