{"id":14330,"date":"2025-08-03T15:06:21","date_gmt":"2025-08-03T15:06:21","guid":{"rendered":"https:\/\/www.europesays.com\/pt\/14330\/"},"modified":"2025-08-03T15:06:21","modified_gmt":"2025-08-03T15:06:21","slug":"fui-com-a-cara-e-a-coragem-record","status":"publish","type":"post","link":"https:\/\/www.europesays.com\/pt\/14330\/","title":{"rendered":"\u2018Fui com a cara e a coragem\u2019 \u2013 Record"},"content":{"rendered":"<p>Atriz e apresentadora est\u00e1 no elenco do game show da RECORD deste domingo (3)<\/p>\n<p class=\"article-text-xxxs dark:article-text-neutral-high-400\"><a href=\"https:\/\/record.r7.com\/acerte-ou-caia\/entrevistas\" title=\"Entrevistas\" class=\"article-text-editorial-color article-font-semibold article-uppercase dark:!article-text-neutral-high-400\" rel=\"nofollow noopener\" target=\"_blank\">Entrevistas<\/a>|Do R7 e Maria Clara Lentz*, do site oficial<\/p>\n<p class=\"article-uppercase article-text-little article-text-agerating-18anos-500 dark:article-text-neutral-high-400\">03\/08\/2025 &#8211; 02h00 (Atualizado em 03\/08\/2025 &#8211; 09h45)<\/p>\n<p><img decoding=\"async\" data-chromatic=\"ignore\" alt=\"\" class=\"c-image\" loading=\"lazy\" src=\"https:\/\/www.europesays.com\/pt\/wp-content\/uploads\/2025\/08\/7WJDTMQR2FGXHLWLSOWZYL4ADU.png\"  width=\"677\" height=\"369\"\/>Babi Xavier participa pela segunda vez do Acerte ou Caia! e admite empolga\u00e7\u00e3o para disputar o game show novamente Edu Moraes\/RECORD <\/p>\n<p class=\"dark:base-text-neutral-high-400 base-text-[calc(theme(fontSize.xs)_*_var(--font-size,_1))] base-font-normal base-font-primary base-text-neutral-low-500 base-text-left\">Babi Xavier retorna \u00e0 tela da <b>RECORD<\/b>! A atriz e apresentadora est\u00e1 no elenco do <a href=\"https:\/\/record.r7.com\/acerte-ou-caia\/\" target=\"_self\" rel=\"nofollow noopener\" title=\"https:\/\/record.r7.com\/acerte-ou-caia\/\"><b>Acerte ou Caia!<\/b><\/a> deste domingo (3) e promete colocar fogo no jogo! Em entrevista ao<b> site oficial<\/b>, ela revelou bastidores da participa\u00e7\u00e3o no game show e compartilhou como est\u00e3o os projetos e planos para a carreira, que agora tamb\u00e9m inclui a apresenta\u00e7\u00e3o de um podcast.<\/p>\n<p class=\"dark:base-text-neutral-high-400 base-text-[calc(theme(fontSize.xs)_*_var(--font-size,_1))] base-font-normal base-font-primary base-text-neutral-low-500 base-text-left\">\u201cEu fiquei super animada, falei assim, \u2018agora eu vou mais longe do programa\u2019. Eu j\u00e1 tinha participado l\u00e1 na Argentina, mas n\u00e3o venci. Foi muito legal, fui muito bem recebida, a equipe era maravilhosa e fiz uma \u00f3tima viagem\u201d, disse Babi. <\/p>\n<p class=\"dark:base-text-neutral-high-400 base-text-[calc(theme(fontSize.xs)_*_var(--font-size,_1))] base-font-normal base-font-primary base-text-neutral-low-500 base-text-left\">A atriz, que j\u00e1 conhecia e havia trabalhado com o apresentador Tom Cavalcante, compartilhou um detalhe inusitado de quando o viu pela primeira vez: <\/p>\n<p class=\"dark:base-text-neutral-high-400 base-text-[calc(theme(fontSize.xs)_*_var(--font-size,_1))] base-font-normal base-font-primary base-text-neutral-low-500 base-text-left\">\u201cConhe\u00e7o o Tom desde a \u00e9poca que um grande empres\u00e1rio me contratou como modelo para fazer um ou dois meses de grava\u00e7\u00e3o de sorteios de um produto. Ent\u00e3o, encontrei o Tom na ag\u00eancia, quando fui assinar o contrato. Ele estava saindo da sala que eu iria entrar. Me lembro que eu o achei super s\u00e9rio e estranhei, pois a gente v\u00ea o Tom sempre muito risonho, piadista. E a\u00ed falei, \u2018nossa, uau, mas ele \u00e9 s\u00e9rio, n\u00e9?\u2019. Eu achei aquilo muito impressionante e at\u00e9 comentei isso para ele depois. Ent\u00e3o tive essa intera\u00e7\u00e3o de \u2018oi, como vai?\u2019, rapidamente, e ele muito respeitoso e s\u00e9rio\u201d, relembra Babi.<\/p>\n<p class=\"dark:base-text-neutral-high-400 base-text-[calc(theme(fontSize.xs)_*_var(--font-size,_1))] base-font-normal base-font-primary base-text-neutral-low-500 base-text-left\">Depois, como artista contratada pela <b>RECORD<\/b> ao longo de dez anos, de 2006 a 2016, ela chegou a participar do seu programa de humor e fazer cenas ao lado dele. \u201c\u00c9 um craque e uma grande refer\u00eancia de artista no nosso pa\u00eds\u201d. <\/p>\n<p><b>Bastidores<\/b><\/p>\n<p class=\"dark:base-text-neutral-high-400 base-text-[calc(theme(fontSize.xs)_*_var(--font-size,_1))] base-font-normal base-font-primary base-text-neutral-low-500 base-text-left\">Babi Xavier vai participar de uma edi\u00e7\u00e3o recheada de talentos e artistas brasileiros, que conta com os cantores \u00c9der Miguel, D\u00b4Black e M\u00e1rcia Freire; os influenciadores digitais Daniel Saullo, Lumena Aleluia e Tatiane Melo; o humorista Bolachinha; al\u00e9m dos irm\u00e3os Marlon e Maicon, e da atriz Adriana Ferrari. <\/p>\n<p class=\"dark:base-text-neutral-high-400 base-text-[calc(theme(fontSize.xs)_*_var(--font-size,_1))] base-font-normal base-font-primary base-text-neutral-low-500 base-text-left\">Mas ser\u00e1 que rolou uma competitividade forte? Ela deixou bem claro que o clima foi muito amistoso e divertido: \u201cO jogo come\u00e7a quando voc\u00ea est\u00e1 gravando, ent\u00e3o, para mim, n\u00e3o h\u00e1 uma competi\u00e7\u00e3o antes, pelo contr\u00e1rio, acho que a gente se abra\u00e7a e fala \u2019opa, olha o que a gente vai encarar\u2019. E eu brinquei aqui \u00e0 be\u00e7a, o programa me trouxe para S\u00e3o Paulo, eu dei abra\u00e7os, conheci e passei a seguir gente nova. O meio art\u00edstico tem pessoas muito bacanas e interessantes, gente amorosa\u201d.<\/p>\n<p class=\"dark:base-text-neutral-high-400 base-text-[calc(theme(fontSize.xs)_*_var(--font-size,_1))] base-font-normal base-font-primary base-text-neutral-low-500 base-text-left\">A atriz<b> <\/b>tamb\u00e9m confessou que n\u00e3o se deixou intimidar pelo nervosismo no momento em que foi dada a largada e comparou a diferen\u00e7a da adrenalina entre gravar uma cena roteirizada e algo que voc\u00ea n\u00e3o tem como prever.<\/p>\n<p class=\"dark:base-text-neutral-high-400 base-text-[calc(theme(fontSize.xs)_*_var(--font-size,_1))] base-font-normal base-font-primary base-text-neutral-low-500 base-text-left\">\u201cUma coisa \u00e9 voc\u00ea ir a um set de cinema e entrar em um modo, uma energia que \u00e9 poss\u00edvel entregar a cena, porque est\u00e1 ali gravado na sua mem\u00f3ria. Outra coisa \u00e9 te darem para resolver uma quest\u00e3o na hora, com o tempo valendo e tal. Ent\u00e3o, ali eu fui com a cara e com a coragem, porque falei, \u2018cara, eu sou uma pessoa que l\u00ea e gosta muito de articula\u00e7\u00e3o de conte\u00fado, ent\u00e3o acho que vai dar certo\u201d. <\/p>\n<p><b>Versatilidade como artista<\/b> <\/p>\n<p class=\"dark:base-text-neutral-high-400 base-text-[calc(theme(fontSize.xs)_*_var(--font-size,_1))] base-font-normal base-font-primary base-text-neutral-low-500 base-text-left\">Al\u00e9m de participar da primeira edi\u00e7\u00e3o do reality rural A Fazenda, Babi j\u00e1 comandou programas, atuou em novelas e tem seu pr\u00f3prio podcast, o Dejavi. Sendo t\u00e3o vers\u00e1til artisticamente, ela falou um pouco sobre esse \u00faltimo projeto que prop\u00f5e conversas sobre temas variados com os convidados: <\/p>\n<p class=\"dark:base-text-neutral-high-400 base-text-[calc(theme(fontSize.xs)_*_var(--font-size,_1))] base-font-normal base-font-primary base-text-neutral-low-500 base-text-left\">\u201cA primeira coisa importante sobre um programa comportamental \u00e9 o comportamento do outro, n\u00e3o \u00e9 o seu. Voc\u00ea \u00e9 um ve\u00edculo, uma promotora de mensagens e de conte\u00fados. Ent\u00e3o, voc\u00ea vai jogar na nuvem para todo mundo refletir todos os lados daquela quest\u00e3o que conseguiu colocar l\u00e1. E eu quero papos enriquecedores, n\u00e3o tendenciosos, mas que analisem tend\u00eancias e deixem muito mais perguntas do que respostas, porque o meu objetivo \u00e9 que voc\u00ea assista ao podcast e continue pensando sobre ele\u201d.<\/p>\n<p><b>Desafios<\/b> <b>e objetivos<\/b> <b>de uma mulher completa <\/b><\/p>\n<p class=\"dark:base-text-neutral-high-400 base-text-[calc(theme(fontSize.xs)_*_var(--font-size,_1))] base-font-normal base-font-primary base-text-neutral-low-500 base-text-left\">Agarrando a oportunidade de tentar garantir at\u00e9 R$ 300 mil, a atriz revelou os planos para o pr\u00eamio caso consiga derrubar todos os advers\u00e1rios e chegue at\u00e9 a final do Acerte ou Caia!:<b> <\/b>\u201cSe eu vencer, vou fazer alguma coisa que a minha filha quisesse, tipo uma viagem curta porque ela t\u00e1 em ano letivo, claro. E o restante colocaria na minha previd\u00eancia\u201d.<\/p>\n<p class=\"dark:base-text-neutral-high-400 base-text-[calc(theme(fontSize.xs)_*_var(--font-size,_1))] base-font-normal base-font-primary base-text-neutral-low-500 base-text-left\">Por \u00faltimo, Babi compartilhou planos para carreira e provou ser uma mulher bem decidida quando o assunto \u00e9 foco e determina\u00e7\u00e3o nos objetivos: <\/p>\n<p class=\"dark:base-text-neutral-high-400 base-text-[calc(theme(fontSize.xs)_*_var(--font-size,_1))] base-font-normal base-font-primary base-text-neutral-low-500 base-text-left\">\u201cTenho vontade de tirar o meu CRP de Psicologia e come\u00e7ar a atender quem sabe ano que vem. Vou me preparar um pouco mais e voltar com as minhas leituras. Tamb\u00e9m seguir investindo no meu podcast. Estou procurando marcas e pessoas que queiram se alinhar com a minha linguagem e objetivo de deixar sempre uma reflex\u00e3o, um ensinamento e um esclarecimento sobre coisas. A \u00fanica coisa que eu n\u00e3o fiz ainda artisticamente, mas gostaria de fazer com o devido treino e ensaio, \u00e9 musical; ent\u00e3o eu sigo assim, estudando m\u00fasica e cantando aqui e ali, mas de uma forma mais tranquila, at\u00e9 que venham os pr\u00f3ximos desafios. Gosto muito de fazer participa\u00e7\u00f5es nos programas, somar audi\u00eancia e conte\u00fado. E o restante do tempo, trabalhar textos, escrever para algum ve\u00edculo\u201d.<\/p>\n<p class=\"dark:base-text-neutral-high-400 base-text-[calc(theme(fontSize.xs)_*_var(--font-size,_1))] base-font-normal base-font-primary base-text-neutral-low-500 base-text-left\">*Estagi\u00e1ria sob supervis\u00e3o de Juliana Lambert<\/p>\n<p class=\"dark:base-text-neutral-high-400 base-text-[calc(theme(fontSize.xs)_*_var(--font-size,_1))] base-font-normal base-font-primary base-text-neutral-low-500 base-text-left\">Sob comando de Tom Cavalcante, o <a href=\"https:\/\/record.r7.com\/acerte-ou-caia\/\" rel=\"nofollow noopener\" title=\"https:\/\/record.r7.com\/acerte-ou-caia\/\" target=\"_blank\"><b>Acerte ou Caia!<\/b><\/a> vai ao ar aos domingos, a partir das 15h45, na tela da <a href=\"https:\/\/record.r7.com\/\" rel=\"nofollow noopener\" title=\"https:\/\/record.r7.com\/\" target=\"_blank\"><b>RECORD<\/b><\/a>. Todas as edi\u00e7\u00f5es do programa podem ser acessadas na \u00edntegra no <a href=\"https:\/\/assine.playplus.com\/\" rel=\"nofollow noopener\" title=\"https:\/\/assine.playplus.com\/\" target=\"_blank\"><b>PlayPlus<\/b><\/a>.<\/p>\n<p><b>Confira o elenco do Acerte ou Caia! deste domingo (3):<\/b><\/p>\n<p class=\"dark:base-text-neutral-high-400 base-text-[calc(theme(fontSize.xxs)_*_var(--font-size,_1))] base-font-semibold base-font-primary base-text-neutral-low-500 base-text-left\">Com promessa de muito entretenimento e disputa eletrizante, um elenco recheado de estrelas te espera para o Acerte ou Caia! do pr\u00f3ximo domingo (3). Novos onze participantes sobem no palco do game show comandado por Tom Cavalcante, em busca do t\u00edtulo de campe\u00e3o e o pr\u00eamio de at\u00e9 R$ 300 mil. Conhe\u00e7a o elenco e prepare a sua torcida!<\/p>\n","protected":false},"excerpt":{"rendered":"Atriz e apresentadora est\u00e1 no elenco do game show da RECORD deste domingo (3) Entrevistas|Do R7 e Maria&hellip;\n","protected":false},"author":2,"featured_media":14331,"comment_status":"","ping_status":"","sticky":false,"template":"","format":"standard","meta":{"footnotes":""},"categories":[145],"tags":[4355,211,210,114,115,32,33,4356],"class_list":{"0":"post-14330","1":"post","2":"type-post","3":"status-publish","4":"format-standard","5":"has-post-thumbnail","7":"category-celebridades","8":"tag-acerte-ou-caia","9":"tag-celebridades","10":"tag-celebrities","11":"tag-entertainment","12":"tag-entretenimento","13":"tag-portugal","14":"tag-pt","15":"tag-tom-cavalcante"},"share_on_mastodon":{"url":"","error":""},"_links":{"self":[{"href":"https:\/\/www.europesays.com\/pt\/wp-json\/wp\/v2\/posts\/14330","targetHints":{"allow":["GET"]}}],"collection":[{"href":"https:\/\/www.europesays.com\/pt\/wp-json\/wp\/v2\/posts"}],"about":[{"href":"https:\/\/www.europesays.com\/pt\/wp-json\/wp\/v2\/types\/post"}],"author":[{"embeddable":true,"href":"https:\/\/www.europesays.com\/pt\/wp-json\/wp\/v2\/users\/2"}],"replies":[{"embeddable":true,"href":"https:\/\/www.europesays.com\/pt\/wp-json\/wp\/v2\/comments?post=14330"}],"version-history":[{"count":0,"href":"https:\/\/www.europesays.com\/pt\/wp-json\/wp\/v2\/posts\/14330\/revisions"}],"wp:featuredmedia":[{"embeddable":true,"href":"https:\/\/www.europesays.com\/pt\/wp-json\/wp\/v2\/media\/14331"}],"wp:attachment":[{"href":"https:\/\/www.europesays.com\/pt\/wp-json\/wp\/v2\/media?parent=14330"}],"wp:term":[{"taxonomy":"category","embeddable":true,"href":"https:\/\/www.europesays.com\/pt\/wp-json\/wp\/v2\/categories?post=14330"},{"taxonomy":"post_tag","embeddable":true,"href":"https:\/\/www.europesays.com\/pt\/wp-json\/wp\/v2\/tags?post=14330"}],"curies":[{"name":"wp","href":"https:\/\/api.w.org\/{rel}","templated":true}]}}