{"id":143315,"date":"2025-11-07T19:59:12","date_gmt":"2025-11-07T19:59:12","guid":{"rendered":"https:\/\/www.europesays.com\/pt\/143315\/"},"modified":"2025-11-07T19:59:12","modified_gmt":"2025-11-07T19:59:12","slug":"so-falta-o-beijo-francisco-monteiro-arrasa-ines-e-dylan-daqui-ate-las-vegas","status":"publish","type":"post","link":"https:\/\/www.europesays.com\/pt\/143315\/","title":{"rendered":"S\u00f3 falta o beijo! Francisco Monteiro arrasa In\u00eas e Dylan: &#8220;Daqui at\u00e9 Las Vegas&#8230;&#8221;"},"content":{"rendered":"<p>Depois de terminar a rela\u00e7\u00e3o que tinha fora da casa do Secret Story 9, In\u00eas est\u00e1 agora mais pr\u00f3xima do que nunca de Dylan. As manifesta\u00e7\u00f5es de carinho t\u00eam sido uma constante e s\u00f3 falta mesmo o beijo que oficializa que a aproxima\u00e7\u00e3o \u00e9 mais do que uma amizade.<\/p>\n<p>Dylan tamb\u00e9m ganhou uma viagem a Las Vegas na gala do passado domingo, 2 de novembro, e decidiu convidar In\u00eas, que aceitou de imediato. S\u00f3 passado uns dias \u00e9 que a concorrente do Montijo dirigiu-se ao confession\u00e1rio com o objetivo de terminar a rela\u00e7\u00e3o de cerca de tr\u00eas meses com o namorado.<\/p>\n<p>Atento ao que se vai passando na casa mais vigiada do Pa\u00eds, Francisco Monteiro viu In\u00eas e Dylan deitados na mesma cama esta sexta-feira, 7, e n\u00e3o resistiu em comentar com a ironia a que j\u00e1 habituou os seguidores: \u201c<strong>Adoro este casal! Assim daqui at\u00e9 Las Vegas, para n\u00e3o dizer infinitos que parece clich\u00ea<\/strong>\u201c.<\/p>\n<p>Veja em baixo:<\/p>\n<p><img loading=\"lazy\" decoding=\"async\" class=\"alignnone wp-image-649310 size-full\" src=\"data:image\/svg+xml,%3Csvg%20xmlns=\" http:=\"\" alt=\"\" width=\"862\" height=\"1500\" data-lazy- data-lazy- data-lazy-src=\"https:\/\/www.europesays.com\/pt\/wp-content\/uploads\/2025\/11\/Screenshot_20251107_150049_Instagram.jpg\"\/><\/p>\n","protected":false},"excerpt":{"rendered":"Depois de terminar a rela\u00e7\u00e3o que tinha fora da casa do Secret Story 9, In\u00eas est\u00e1 agora mais&hellip;\n","protected":false},"author":2,"featured_media":143316,"comment_status":"","ping_status":"","sticky":false,"template":"","format":"standard","meta":{"footnotes":""},"categories":[142],"tags":[25452,6474,19105,114,115,2071,26469,17640,32,33,151],"class_list":{"0":"post-143315","1":"post","2":"type-post","3":"status-publish","4":"format-standard","5":"has-post-thumbnail","7":"category-tv","8":"tag-arrasa","9":"tag-beijo","10":"tag-dylan","11":"tag-entertainment","12":"tag-entretenimento","13":"tag-francisco-monteiro","14":"tag-inu00eas","15":"tag-las-vegas","16":"tag-portugal","17":"tag-pt","18":"tag-tv"},"share_on_mastodon":{"url":"https:\/\/pubeurope.com\/@pt\/115510192695695346","error":""},"_links":{"self":[{"href":"https:\/\/www.europesays.com\/pt\/wp-json\/wp\/v2\/posts\/143315","targetHints":{"allow":["GET"]}}],"collection":[{"href":"https:\/\/www.europesays.com\/pt\/wp-json\/wp\/v2\/posts"}],"about":[{"href":"https:\/\/www.europesays.com\/pt\/wp-json\/wp\/v2\/types\/post"}],"author":[{"embeddable":true,"href":"https:\/\/www.europesays.com\/pt\/wp-json\/wp\/v2\/users\/2"}],"replies":[{"embeddable":true,"href":"https:\/\/www.europesays.com\/pt\/wp-json\/wp\/v2\/comments?post=143315"}],"version-history":[{"count":0,"href":"https:\/\/www.europesays.com\/pt\/wp-json\/wp\/v2\/posts\/143315\/revisions"}],"wp:featuredmedia":[{"embeddable":true,"href":"https:\/\/www.europesays.com\/pt\/wp-json\/wp\/v2\/media\/143316"}],"wp:attachment":[{"href":"https:\/\/www.europesays.com\/pt\/wp-json\/wp\/v2\/media?parent=143315"}],"wp:term":[{"taxonomy":"category","embeddable":true,"href":"https:\/\/www.europesays.com\/pt\/wp-json\/wp\/v2\/categories?post=143315"},{"taxonomy":"post_tag","embeddable":true,"href":"https:\/\/www.europesays.com\/pt\/wp-json\/wp\/v2\/tags?post=143315"}],"curies":[{"name":"wp","href":"https:\/\/api.w.org\/{rel}","templated":true}]}}