{"id":143326,"date":"2025-11-07T20:07:21","date_gmt":"2025-11-07T20:07:21","guid":{"rendered":"https:\/\/www.europesays.com\/pt\/143326\/"},"modified":"2025-11-07T20:07:21","modified_gmt":"2025-11-07T20:07:21","slug":"tratado-do-alto-mar-e-um-dos-vencedores-do-earthshot-prize-2025-oceano","status":"publish","type":"post","link":"https:\/\/www.europesays.com\/pt\/143326\/","title":{"rendered":"Tratado do Alto-Mar \u00e9 um dos vencedores do Earthshot Prize 2025 | Oceano"},"content":{"rendered":"<p>O Tratado do Alto Mar foi um dos cinco vencedores do Earthshot Prize 2025, um pr\u00e9mio que distingue iniciativas ligadas \u00e0 protec\u00e7\u00e3o ambiental com um milh\u00e3o de libras (cerca de 1,1 milh\u00e3o de euros). O tratado internacional, que protege a vida marinha em \u00e1guas internacionais, venceu na categoria Revitalizar o Oceano. Os vencedores foram anunciados quarta-feira numa cerim\u00f3nia no Rio de Janeiro, Brasil. <\/p>\n<p>Os demais pr\u00e9mios foram atribu\u00eddos a diversas iniciativas do Sul Global: a City Of Bogot\u00e1, da Col\u00f4mbia, na categoria \u201cLimpar o Ar\u201d; a re.green, do Brasil, na categoria \u201cProteger e Restaurar a Natureza\u201d; a Lagos Fashion Week, da Nig\u00e9ria, na categoria \u201cConstruir um Mundo Sem Desperd\u00edcio\u201d e a Friendship, do Bangladesh, na categoria \u201cConsertar o Clima\u201d.<\/p>\n<p>O galard\u00e3o da categoria Revitalizar o Oceano foi recebido pela High Seas Alliance (HSA), que representou o Tratado do Alto Mar na cerim\u00f3nia. \u201cCom o apoio da comunidade do Earthshot, o Tratado ir\u00e1 ajudar a garantir um oceano saud\u00e1vel e um clima est\u00e1vel para sustentar toda a vida no planeta at\u00e9 2030\u201d, declarou Rebecca Hubbard, directora do HSA, no discurso de entrega do pr\u00e9mio.<\/p>\n<p>Da promessa \u00e0 ac\u00e7\u00e3o <\/p>\n<p>\u201cAgora, o desafio \u00e9 p\u00f4r esta promessa em ac\u00e7\u00e3o\u201d, afirmou Rebecca Hubbard. \u201cComo tal, queremos apelar a que encorajem todos os pa\u00edses a ratificar o tratado, de modo a que este passe de um peda\u00e7o de papel a um compromisso para proteger o alto mar para as pr\u00f3ximas gera\u00e7\u00f5es.\u201d<\/p>\n<p>Depois de duas d\u00e9cadas em desenvolvimento dentro das Na\u00e7\u00f5es Unidas, o <a href=\"https:\/\/www.publico.pt\/2025\/09\/20\/azul\/noticia\/tratado-altomar-finalmente-pronto-entrar-vigor-segue-2147938\" rel=\"nofollow noopener\" target=\"_blank\">Tratado do Alto Mar<\/a> conta desde Setembro com <a href=\"https:\/\/www.publico.pt\/2025\/09\/19\/azul\/noticia\/tratado-proteccao-alto-mar-atinge-numero-minimo-ratificacoes-vigorar-2147908\" rel=\"nofollow noopener\" target=\"_blank\">60 ractifica\u00e7\u00f5es<\/a> de diversos pa\u00edses, sendo agora poss\u00edvel entrar em vigor a 17 de Janeiro de 2026. Este \u00e9 o primeiro acordo internacional com for\u00e7a jur\u00eddica dedicado \u00e0 protec\u00e7\u00e3o da vida marinha em \u00e1guas internacionais.<\/p>\n<p>A designa\u00e7\u00e3o oficial do documento \u00e9 Acordo sobre Protec\u00e7\u00e3o da Biodiversidade Marinha em \u00c1reas para al\u00e9m da Jurisdi\u00e7\u00e3o Nacional (BBNJ, na sigla em ingl\u00eas) e resultou do trabalho conjunto de 70 organiza\u00e7\u00f5es em articula\u00e7\u00e3o com governos, comunidades locais, cientistas e povo origin\u00e1rios.<\/p>\n<p>Representa um marco hist\u00f3rico na preserva\u00e7\u00e3o global da vida marinha, ao preencher lacunas legais existentes na Conven\u00e7\u00e3o das Na\u00e7\u00f5es Unidas sobre o Direito do Mar (UNCLOS), frequentemente referida como a \u201cconstitui\u00e7\u00e3o do oceano\u201d.<\/p>\n<p>Aposta do pr\u00edncipe William<\/p>\n<p>O Earthshot Prize foi <a href=\"https:\/\/www.publico.pt\/2024\/11\/07\/impar\/noticia\/william-usa-blazer-segunda-mao-tenis-biodegradaveis-entrega-premios-2110906\" rel=\"nofollow noopener\" target=\"_blank\">fundado pelo pr\u00edncipe William<\/a> em 2020, com o objectivo de impulsionar a conserva\u00e7\u00e3o ambiental ao recompensar e reconhecer iniciativas ambientais promissoras. Este ano, o pr\u00e9mio recebeu com cerca de 2500 nomea\u00e7\u00f5es de 72 pa\u00edses.<\/p>\n<p>William, que tamb\u00e9m \u00e9 o presidente do pr\u00e9mio, disse aos presentes na cerim\u00f3nia que criou o Earthshot Prize com o objectivo de tornar \u201cesta a d\u00e9cada em que transformamos o nosso mundo para melhor\u201d. \u201cDecidimos enfrentar as quest\u00f5es ambientais de frente e fazer mudan\u00e7as reais e duradouras que protejam a vida na Terra\u201d, acrescentou o <a href=\"https:\/\/www.publico.pt\/2025\/11\/06\/azul\/noticia\/william-brasil-falar-clima-nao-falhou-ponto-turistico-2153619\" rel=\"nofollow noopener\" target=\"_blank\">pr\u00edncipe de Gales<\/a>. <\/p>\n<p>\u200bA cerim\u00f3nia de entrega dos pr\u00e9mios foi realizada no Museu do Amanh\u00e3, no Rio de Janeiro, e contou com a presen\u00e7a de artistas brasileiros como Gilberto Gil, e Seu Jorge e com apresenta\u00e7\u00f5es dos cantores Kylie Minogue e Shawn Mendes. <\/p>\n<p><strong>Texto editado por Andr\u00e9ia Azevedo Soares<\/strong><\/p>\n","protected":false},"excerpt":{"rendered":"O Tratado do Alto Mar foi um dos cinco vencedores do Earthshot Prize 2025, um pr\u00e9mio que distingue&hellip;\n","protected":false},"author":2,"featured_media":143327,"comment_status":"","ping_status":"","sticky":false,"template":"","format":"standard","meta":{"footnotes":""},"categories":[50],"tags":[785,726,27,28,709,15,16,14,25,26,21,22,62,12,13,19,20,6760,2000,23,24,17,18,29,30,31,63,64,65],"class_list":{"0":"post-143326","1":"post","2":"type-post","3":"status-publish","4":"format-standard","5":"has-post-thumbnail","7":"category-mundo","8":"tag-azul","9":"tag-brasil","10":"tag-breaking-news","11":"tag-breakingnews","12":"tag-familia-real-britanica","13":"tag-featured-news","14":"tag-featurednews","15":"tag-headlines","16":"tag-latest-news","17":"tag-latestnews","18":"tag-main-news","19":"tag-mainnews","20":"tag-mundo","21":"tag-news","22":"tag-noticias","23":"tag-noticias-principais","24":"tag-noticiasprincipais","25":"tag-oceano","26":"tag-planeta","27":"tag-principais-noticias","28":"tag-principaisnoticias","29":"tag-top-stories","30":"tag-topstories","31":"tag-ultimas","32":"tag-ultimas-noticias","33":"tag-ultimasnoticias","34":"tag-world","35":"tag-world-news","36":"tag-worldnews"},"share_on_mastodon":{"url":"https:\/\/pubeurope.com\/@pt\/115510224117118814","error":""},"_links":{"self":[{"href":"https:\/\/www.europesays.com\/pt\/wp-json\/wp\/v2\/posts\/143326","targetHints":{"allow":["GET"]}}],"collection":[{"href":"https:\/\/www.europesays.com\/pt\/wp-json\/wp\/v2\/posts"}],"about":[{"href":"https:\/\/www.europesays.com\/pt\/wp-json\/wp\/v2\/types\/post"}],"author":[{"embeddable":true,"href":"https:\/\/www.europesays.com\/pt\/wp-json\/wp\/v2\/users\/2"}],"replies":[{"embeddable":true,"href":"https:\/\/www.europesays.com\/pt\/wp-json\/wp\/v2\/comments?post=143326"}],"version-history":[{"count":0,"href":"https:\/\/www.europesays.com\/pt\/wp-json\/wp\/v2\/posts\/143326\/revisions"}],"wp:featuredmedia":[{"embeddable":true,"href":"https:\/\/www.europesays.com\/pt\/wp-json\/wp\/v2\/media\/143327"}],"wp:attachment":[{"href":"https:\/\/www.europesays.com\/pt\/wp-json\/wp\/v2\/media?parent=143326"}],"wp:term":[{"taxonomy":"category","embeddable":true,"href":"https:\/\/www.europesays.com\/pt\/wp-json\/wp\/v2\/categories?post=143326"},{"taxonomy":"post_tag","embeddable":true,"href":"https:\/\/www.europesays.com\/pt\/wp-json\/wp\/v2\/tags?post=143326"}],"curies":[{"name":"wp","href":"https:\/\/api.w.org\/{rel}","templated":true}]}}