{"id":143340,"date":"2025-11-07T20:16:07","date_gmt":"2025-11-07T20:16:07","guid":{"rendered":"https:\/\/www.europesays.com\/pt\/143340\/"},"modified":"2025-11-07T20:16:07","modified_gmt":"2025-11-07T20:16:07","slug":"ronaldo-quer-sentar-se-com-trump-ele-pode-mudar-o-mundo","status":"publish","type":"post","link":"https:\/\/www.europesays.com\/pt\/143340\/","title":{"rendered":"Ronaldo quer sentar-se com Trump: &#8220;Ele pode mudar o Mundo&#8221;"},"content":{"rendered":"<p data-remotead-prev-elm=\"true\" data-remotead-elm-id=\"inread\">Durante a segunda parte da entrevista publicada no Youtube, o capit\u00e3o da sele\u00e7\u00e3o portuguesa recordou o momento em que assinou uma camisola de Portugal com a mensagem &#8220;jogar pela paz&#8221;, que Ant\u00f3nio Costa ofereceu a Donald Trump. O futebolista explicou que a mensagem escondida no gesto foi &#8220;promover a paz global&#8221;, defendendo que figuras com grande influ\u00eancia como Trump podem ter um papel determinante nessa miss\u00e3o.<\/p>\n<p>&#8220;O mundo estar em paz \u00e9 o nosso objetivo. [Trump] \u00c9 um dos que pode mudar o mundo. Desejo conhec\u00ea-lo um dia, para me sentar com ele, \u00e9 uma das pessoas de que gosto mesmo porque acho que consegue fazer as coisas acontecer e eu gosto de pessoas assim&#8221;, explicou Ronaldo.<\/p>\n<p>O jogador do Al-Nassr, que garantiu ser mais famoso do que Trump, revelou ainda ter &#8220;algo em comum&#8221; com o presidente norte-americano e deixou uma sugest\u00e3o para a pr\u00f3xima entrevista: &#8220;Pod\u00edamos fazer algo: eu, tu e o sr. Trump. Ia ser engra\u00e7ado, diferente.&#8221;<\/p>\n<p>Durante a entrevista, o astro do futebol abordou outros assuntos pol\u00e9micos como o<a href=\"https:\/\/www.jn.pt\/pessoas\/artigo\/cristiano-ronaldo-e-georgina-casam-depois-do-mundial-trabalhei-muito-ate-encontrar-o-anel-ideal\/18016110\" target=\"_blank\" rel=\"nofollow noopener\"> casamento com Georgina<\/a>, o falecimento do companheiro de sele\u00e7\u00e3o <a href=\"https:\/\/www.jn.pt\/desporto\/artigo\/cristiano-ronaldo-explica-ausencia-no-funeral-de-diogo-jota-onde-eu-vou-e-um-circo\/18016898\" target=\"_blank\" rel=\"nofollow noopener\">Diogo Jota<\/a> e o momento em que deixar\u00e1 os relvados.<\/p>\n","protected":false},"excerpt":{"rendered":"Durante a segunda parte da entrevista publicada no Youtube, o capit\u00e3o da sele\u00e7\u00e3o portuguesa recordou o momento em&hellip;\n","protected":false},"author":2,"featured_media":143341,"comment_status":"","ping_status":"","sticky":false,"template":"","format":"standard","meta":{"footnotes":""},"categories":[87],"tags":[667,135,31625,31624,32,33,134,2183],"class_list":{"0":"post-143340","1":"post","2":"type-post","3":"status-publish","4":"format-standard","5":"has-post-thumbnail","7":"category-desporto","8":"tag-cristiano-ronaldo","9":"tag-desporto","10":"tag-georgina","11":"tag-morreu-diogo-jota","12":"tag-portugal","13":"tag-pt","14":"tag-sports","15":"tag-trump"},"share_on_mastodon":{"url":"https:\/\/pubeurope.com\/@pt\/115510259495990012","error":""},"_links":{"self":[{"href":"https:\/\/www.europesays.com\/pt\/wp-json\/wp\/v2\/posts\/143340","targetHints":{"allow":["GET"]}}],"collection":[{"href":"https:\/\/www.europesays.com\/pt\/wp-json\/wp\/v2\/posts"}],"about":[{"href":"https:\/\/www.europesays.com\/pt\/wp-json\/wp\/v2\/types\/post"}],"author":[{"embeddable":true,"href":"https:\/\/www.europesays.com\/pt\/wp-json\/wp\/v2\/users\/2"}],"replies":[{"embeddable":true,"href":"https:\/\/www.europesays.com\/pt\/wp-json\/wp\/v2\/comments?post=143340"}],"version-history":[{"count":0,"href":"https:\/\/www.europesays.com\/pt\/wp-json\/wp\/v2\/posts\/143340\/revisions"}],"wp:featuredmedia":[{"embeddable":true,"href":"https:\/\/www.europesays.com\/pt\/wp-json\/wp\/v2\/media\/143341"}],"wp:attachment":[{"href":"https:\/\/www.europesays.com\/pt\/wp-json\/wp\/v2\/media?parent=143340"}],"wp:term":[{"taxonomy":"category","embeddable":true,"href":"https:\/\/www.europesays.com\/pt\/wp-json\/wp\/v2\/categories?post=143340"},{"taxonomy":"post_tag","embeddable":true,"href":"https:\/\/www.europesays.com\/pt\/wp-json\/wp\/v2\/tags?post=143340"}],"curies":[{"name":"wp","href":"https:\/\/api.w.org\/{rel}","templated":true}]}}