{"id":143356,"date":"2025-11-07T20:29:31","date_gmt":"2025-11-07T20:29:31","guid":{"rendered":"https:\/\/www.europesays.com\/pt\/143356\/"},"modified":"2025-11-07T20:29:31","modified_gmt":"2025-11-07T20:29:31","slug":"the-testament-of-ann-lee-amanda-seyfried-e-lider-de-seita-no-primeiro-trailer-confira","status":"publish","type":"post","link":"https:\/\/www.europesays.com\/pt\/143356\/","title":{"rendered":"&#8216;The Testament of Ann Lee&#8217;: Amanda Seyfried \u00e9 l\u00edder de seita no primeiro trailer; Confira!"},"content":{"rendered":"<p>O longa<strong> \u2018The Testament of Ann Lee\u2019<\/strong> (O Testamento de Ann Lee), drama religioso estrelado por <strong>Amanda Seyfried<\/strong>, divulgou seu mais novo trailer.<\/p>\n<p>A hist\u00f3ria se passa no s\u00e9culo XVIII e acompanha Ann Lee (Seyfried), l\u00edder religiosa e fundadora do Movimento Shaker, proclamada como a personifica\u00e7\u00e3o feminina de Crist<\/p>\n<p class=\"pp-has-text\">Confira e siga o\u00a0<a href=\"https:\/\/www.youtube.com\/@cinepop\" target=\"_blank\" rel=\"noopener nofollow\"><strong>CinePOP no YouTube<\/strong><\/a>:<\/p>\n<p>The Testament of Ann Lee acompanha a trajet\u00f3ria real de Ann Lee, fundadora dos Shakers, uma seita devocional do s\u00e9culo XVIII. Reverenciada por seus seguidores, Ann pregava a igualdade de g\u00eanero e social enquanto lutava para construir uma comunidade ut\u00f3pica. Entre \u00eaxtase e desafios, sua lideran\u00e7a transforma vidas e deixa um legado de f\u00e9, coragem e devo\u00e7\u00e3o, retratado com m\u00fasicas tradicionais dos Shakers reinventadas e coreografias envolventes.<\/p>\n<p>A dire\u00e7\u00e3o e o roteiro ficam por conta de <strong>Mona Fastvold<\/strong>, que conduz a narrativa com sensibilidade e profundidade.<\/p>\n<p>Al\u00e9m de <strong>Seyfried<\/strong>, o elenco conta com <strong>Thomasin McKenzie<\/strong>, <strong>Lewis Pullman<\/strong>, <strong>Christopher Abbott<\/strong> e <strong>Tim Blake Nelson<\/strong>.<\/p>\n<p><a href=\"https:\/\/cinepop.com.br\/the-testament-of-ann-lee-novo-longa-de-amanda-seyfried-conquista-100-de-aprovacao-no-rotten-tomatoes-confira-690007\/\" rel=\"nofollow noopener\" target=\"_blank\">\u2018The Testament of Ann Lee\u2019: Novo longa de Amanda Seyfried conquista 100% de aprova\u00e7\u00e3o no Rotten Tomatoes; Confira!<\/a><\/p>\n<p><img fetchpriority=\"high\" decoding=\"async\" class=\"alignnone wp-image-690011 size-large\" src=\"https:\/\/www.europesays.com\/pt\/wp-content\/uploads\/2025\/11\/The-Testament-of-Ann-Lee02-1024x551.jpg\" alt=\"\" width=\"696\" height=\"375\"  \/><\/p>\n","protected":false},"excerpt":{"rendered":"O longa \u2018The Testament of Ann Lee\u2019 (O Testamento de Ann Lee), drama religioso estrelado por Amanda Seyfried,&hellip;\n","protected":false},"author":2,"featured_media":143357,"comment_status":"","ping_status":"","sticky":false,"template":"","format":"standard","meta":{"footnotes":""},"categories":[140],"tags":[31626,31627,114,115,147,148,13303,31628,146,32,33,31629,26149,31630],"class_list":{"0":"post-143356","1":"post","2":"type-post","3":"status-publish","4":"format-standard","5":"has-post-thumbnail","7":"category-filmes","8":"tag-amanda-seyfried","9":"tag-christopher-abbott","10":"tag-entertainment","11":"tag-entretenimento","12":"tag-film","13":"tag-filmes","14":"tag-lewis-pullman","15":"tag-mona-fastvold","16":"tag-movies","17":"tag-portugal","18":"tag-pt","19":"tag-the-testament-of-ann-lee","20":"tag-thomasin-mckenzie","21":"tag-tim-blake-nelson"},"share_on_mastodon":{"url":"https:\/\/pubeurope.com\/@pt\/115510310664986205","error":""},"_links":{"self":[{"href":"https:\/\/www.europesays.com\/pt\/wp-json\/wp\/v2\/posts\/143356","targetHints":{"allow":["GET"]}}],"collection":[{"href":"https:\/\/www.europesays.com\/pt\/wp-json\/wp\/v2\/posts"}],"about":[{"href":"https:\/\/www.europesays.com\/pt\/wp-json\/wp\/v2\/types\/post"}],"author":[{"embeddable":true,"href":"https:\/\/www.europesays.com\/pt\/wp-json\/wp\/v2\/users\/2"}],"replies":[{"embeddable":true,"href":"https:\/\/www.europesays.com\/pt\/wp-json\/wp\/v2\/comments?post=143356"}],"version-history":[{"count":0,"href":"https:\/\/www.europesays.com\/pt\/wp-json\/wp\/v2\/posts\/143356\/revisions"}],"wp:featuredmedia":[{"embeddable":true,"href":"https:\/\/www.europesays.com\/pt\/wp-json\/wp\/v2\/media\/143357"}],"wp:attachment":[{"href":"https:\/\/www.europesays.com\/pt\/wp-json\/wp\/v2\/media?parent=143356"}],"wp:term":[{"taxonomy":"category","embeddable":true,"href":"https:\/\/www.europesays.com\/pt\/wp-json\/wp\/v2\/categories?post=143356"},{"taxonomy":"post_tag","embeddable":true,"href":"https:\/\/www.europesays.com\/pt\/wp-json\/wp\/v2\/tags?post=143356"}],"curies":[{"name":"wp","href":"https:\/\/api.w.org\/{rel}","templated":true}]}}