{"id":143378,"date":"2025-11-07T20:42:15","date_gmt":"2025-11-07T20:42:15","guid":{"rendered":"https:\/\/www.europesays.com\/pt\/143378\/"},"modified":"2025-11-07T20:42:15","modified_gmt":"2025-11-07T20:42:15","slug":"katseye-ganha-indicacao-ao-grammy-com-musica-descartada-por-anitta-entenda","status":"publish","type":"post","link":"https:\/\/www.europesays.com\/pt\/143378\/","title":{"rendered":"KATSEYE ganha indica\u00e7\u00e3o ao Grammy com m\u00fasica descartada por Anitta; entenda"},"content":{"rendered":"\n<p class=\" content-text__container \" data-track-category=\"Link no Texto\" data-track-links=\"\"> Formado pela parceria entre a gigante do K-pop HYBE e a gravadora americana Geffen Records, o KATSEYE nasceu do reality The Debut: Dream Academy, que selecionou seis integrantes entre 120 mil candidatas de diferentes pa\u00edses. O grupo \u00e9 composto por <strong>Manon, Sophia, Daniela, Lara, Megan<\/strong> e<strong> Yoonchae<\/strong>, representando na\u00e7\u00f5es como Filipinas, Coreia do Sul, Su\u00ed\u00e7a e Estados Unidos. <\/p>\n","protected":false},"excerpt":{"rendered":"Formado pela parceria entre a gigante do K-pop HYBE e a gravadora americana Geffen Records, o KATSEYE nasceu&hellip;\n","protected":false},"author":2,"featured_media":143379,"comment_status":"","ping_status":"","sticky":false,"template":"","format":"standard","meta":{"footnotes":""},"categories":[141],"tags":[2235,114,115,149,150,32,33],"class_list":{"0":"post-143378","1":"post","2":"type-post","3":"status-publish","4":"format-standard","5":"has-post-thumbnail","7":"category-musica","8":"tag-anitta","9":"tag-entertainment","10":"tag-entretenimento","11":"tag-music","12":"tag-musica","13":"tag-portugal","14":"tag-pt"},"share_on_mastodon":{"url":"https:\/\/pubeurope.com\/@pt\/115510361684755866","error":""},"_links":{"self":[{"href":"https:\/\/www.europesays.com\/pt\/wp-json\/wp\/v2\/posts\/143378","targetHints":{"allow":["GET"]}}],"collection":[{"href":"https:\/\/www.europesays.com\/pt\/wp-json\/wp\/v2\/posts"}],"about":[{"href":"https:\/\/www.europesays.com\/pt\/wp-json\/wp\/v2\/types\/post"}],"author":[{"embeddable":true,"href":"https:\/\/www.europesays.com\/pt\/wp-json\/wp\/v2\/users\/2"}],"replies":[{"embeddable":true,"href":"https:\/\/www.europesays.com\/pt\/wp-json\/wp\/v2\/comments?post=143378"}],"version-history":[{"count":0,"href":"https:\/\/www.europesays.com\/pt\/wp-json\/wp\/v2\/posts\/143378\/revisions"}],"wp:featuredmedia":[{"embeddable":true,"href":"https:\/\/www.europesays.com\/pt\/wp-json\/wp\/v2\/media\/143379"}],"wp:attachment":[{"href":"https:\/\/www.europesays.com\/pt\/wp-json\/wp\/v2\/media?parent=143378"}],"wp:term":[{"taxonomy":"category","embeddable":true,"href":"https:\/\/www.europesays.com\/pt\/wp-json\/wp\/v2\/categories?post=143378"},{"taxonomy":"post_tag","embeddable":true,"href":"https:\/\/www.europesays.com\/pt\/wp-json\/wp\/v2\/tags?post=143378"}],"curies":[{"name":"wp","href":"https:\/\/api.w.org\/{rel}","templated":true}]}}