{"id":143388,"date":"2025-11-07T20:54:11","date_gmt":"2025-11-07T20:54:11","guid":{"rendered":"https:\/\/www.europesays.com\/pt\/143388\/"},"modified":"2025-11-07T20:54:11","modified_gmt":"2025-11-07T20:54:11","slug":"viajar-para-a-ue-e-um-privilegio-vistos-com-regras-mais-apertadas-para-cidadaos-russos","status":"publish","type":"post","link":"https:\/\/www.europesays.com\/pt\/143388\/","title":{"rendered":"&#8220;Viajar para a UE \u00e9 um privil\u00e9gio&#8221;. Vistos com regras mais apertadas para cidad\u00e3os russos"},"content":{"rendered":"<p>                A Comiss\u00e3o Europeia anunciou que <b>as regras para a emiss\u00e3o de vistos para a entrada de cidad\u00e3os russos na Uni\u00e3o Europeia s\u00e3o agora mais rigorosas. <\/b>A decis\u00e3o surge <b>em resposta ao \u201caumento de riscos de seguran\u00e7a decorrentes da guerra de agress\u00e3o n\u00e3o provocada e injustificada da R\u00fassia contra a Ucr\u00e2nia\u201d.<\/b><\/p>\n<p>Segundo as novas regras europeias, <b>\u201cos cidad\u00e3os russos n\u00e3o poder\u00e3o receber mais vistos de m\u00faltiplas entradas\u201d, al\u00e9m de terem de se inscrever para os solicitar sempre que planeiem viajar para qualquer pa\u00eds da Uni\u00e3o Europeia.<\/b> Em comunicado, o executivo comunit\u00e1rio esclareceu que o objetivo desta decis\u00e3o \u00e9 <b>\u201cmitigar as amea\u00e7as \u00e0 ordem p\u00fablica e \u00e0 seguran\u00e7a interna\u201d.<\/b>S\u00e3o permitidas, contudo, exce\u00e7\u00f5es para \u201ccasos &#13;<br \/>\nlimitados e justificados, como jornalistas independentes e defensores &#13;<br \/>\ndos direitos humanos, garantindo a aplica\u00e7\u00e3o uniforme em todo os &#13;<br \/>\nEstados-Membros e impedindo a sua evas\u00e3o\u201d.<\/p>\n<p>A solicita\u00e7\u00e3o de vistos por cidad\u00e3os de nacionalidade russa passa tamb\u00e9m a estar sujeita a <b>\u201cprocedimentos de verifica\u00e7\u00e3o refor\u00e7ados e a n\u00edveis elevados de escrut\u00ednio\u201d.<\/b><\/p>\n<p>A decis\u00e3o foi tamb\u00e9m anunciada pela chefe da diplomacia da Uni\u00e3o Europeia, que enfatizou n\u00e3o ser um \u201cdireito adquirido\u201d, mas sim um \u201cprivil\u00e9gio\u201d poder viajar e circular em territ\u00f3rio europeu. <\/p>\n<blockquote class=\"twitter-tweet\"><p>&#13;<\/p>\n<p lang=\"en\" dir=\"ltr\">&#13;<br \/>\n\tStarting a war and expecting to move freely in Europe is hard to justify.<\/p>\n<p>The EU is tightening visa rules for Russian nationals amid continued drone disruptions and sabotage on European soil.<\/p>\n<p>Travelling to the EU is a privilege, not a given.&#13;\n\t<\/p>\n<p>&#13;<br \/>\n\t\u2014 Kaja Kallas (@kajakallas) <a href=\"https:\/\/twitter.com\/kajakallas\/status\/1986750686235627963?ref_src=twsrc%5Etfw\" rel=\"nofollow noopener\" target=\"_blank\">November 7, 2025<\/a>&#13;\n<\/p><\/blockquote>\n<p>\n<b>\u201cCome\u00e7ar uma guerra e esperar circular livremente pela Europa \u00e9 dif\u00edcil de justificar\u201d<\/b>, escreveu Kaja Kallas, que sublinhou que as regras mudaram considerando as <b>\u201ccont\u00ednuas perturba\u00e7\u00f5es e sabotagens por drones em solo europeu\u201d. <br \/>&#13;<br \/>\n<\/b><br \/>\n<b><br \/>&#13;<br \/>\n\u201cViajar para a UE \u00e9 um privil\u00e9gio, n\u00e3o um direito adquirido\u201d<\/b>.<br \/>\n            <script async src=\"https:\/\/platform.twitter.com\/widgets.js\" charset=\"utf-8\"><\/script><\/p>\n","protected":false},"excerpt":{"rendered":"A Comiss\u00e3o Europeia anunciou que as regras para a emiss\u00e3o de vistos para a entrada de cidad\u00e3os russos&hellip;\n","protected":false},"author":2,"featured_media":143389,"comment_status":"","ping_status":"","sticky":false,"template":"","format":"standard","meta":{"footnotes":""},"categories":[50],"tags":[27,28,15,16,889,14,12286,25,26,21,22,62,12,13,19,20,23,24,839,17,18,840,29,30,31,636,63,64,65],"class_list":{"0":"post-143388","1":"post","2":"type-post","3":"status-publish","4":"format-standard","5":"has-post-thumbnail","7":"category-mundo","8":"tag-breaking-news","9":"tag-breakingnews","10":"tag-featured-news","11":"tag-featurednews","12":"tag-guerra-na-ucrania","13":"tag-headlines","14":"tag-kaja-kallas","15":"tag-latest-news","16":"tag-latestnews","17":"tag-main-news","18":"tag-mainnews","19":"tag-mundo","20":"tag-news","21":"tag-noticias","22":"tag-noticias-principais","23":"tag-noticiasprincipais","24":"tag-principais-noticias","25":"tag-principaisnoticias","26":"tag-russia","27":"tag-top-stories","28":"tag-topstories","29":"tag-ucrania","30":"tag-ultimas","31":"tag-ultimas-noticias","32":"tag-ultimasnoticias","33":"tag-uniao-europeia","34":"tag-world","35":"tag-world-news","36":"tag-worldnews"},"share_on_mastodon":{"url":"https:\/\/pubeurope.com\/@pt\/115510408922536465","error":""},"_links":{"self":[{"href":"https:\/\/www.europesays.com\/pt\/wp-json\/wp\/v2\/posts\/143388","targetHints":{"allow":["GET"]}}],"collection":[{"href":"https:\/\/www.europesays.com\/pt\/wp-json\/wp\/v2\/posts"}],"about":[{"href":"https:\/\/www.europesays.com\/pt\/wp-json\/wp\/v2\/types\/post"}],"author":[{"embeddable":true,"href":"https:\/\/www.europesays.com\/pt\/wp-json\/wp\/v2\/users\/2"}],"replies":[{"embeddable":true,"href":"https:\/\/www.europesays.com\/pt\/wp-json\/wp\/v2\/comments?post=143388"}],"version-history":[{"count":0,"href":"https:\/\/www.europesays.com\/pt\/wp-json\/wp\/v2\/posts\/143388\/revisions"}],"wp:featuredmedia":[{"embeddable":true,"href":"https:\/\/www.europesays.com\/pt\/wp-json\/wp\/v2\/media\/143389"}],"wp:attachment":[{"href":"https:\/\/www.europesays.com\/pt\/wp-json\/wp\/v2\/media?parent=143388"}],"wp:term":[{"taxonomy":"category","embeddable":true,"href":"https:\/\/www.europesays.com\/pt\/wp-json\/wp\/v2\/categories?post=143388"},{"taxonomy":"post_tag","embeddable":true,"href":"https:\/\/www.europesays.com\/pt\/wp-json\/wp\/v2\/tags?post=143388"}],"curies":[{"name":"wp","href":"https:\/\/api.w.org\/{rel}","templated":true}]}}