{"id":143394,"date":"2025-11-07T20:58:15","date_gmt":"2025-11-07T20:58:15","guid":{"rendered":"https:\/\/www.europesays.com\/pt\/143394\/"},"modified":"2025-11-07T20:58:15","modified_gmt":"2025-11-07T20:58:15","slug":"como-e-a-casa-zen-de-anitta-no-rio-de-janeiro","status":"publish","type":"post","link":"https:\/\/www.europesays.com\/pt\/143394\/","title":{"rendered":"Como \u00e9 a casa &#8216;zen&#8217; de Anitta no Rio de Janeiro"},"content":{"rendered":"<p>                        <img width=\"944\" height=\"531\" src=\"https:\/\/www.europesays.com\/pt\/wp-content\/uploads\/2025\/11\/como-e-a-casa-de-anitta-no-rio-de-janeiro-944x531.jpg\" class=\"attachment-custom-large size-custom-large article-featured-image\" alt=\"como \u00e9 a casa de anitta no rio de janeiro\" fetchpriority=\"high\" decoding=\"async\"  \/><\/p>\n<p>Anitta deixou os Estados Unidos e voltou a morar no Rio de Janeiro (Fotos: Reprodu\u00e7\u00e3o, Redes Sociais)<\/p>\n<p>A casa que Anitta est\u00e1 morando no Rio de Janeiro reflete a nova fase zen da cantora. Desde que decidiu deixar os Estados Unidos, a estrela pop se mudou definitivamente de Los Angeles para o Rio. O objetivo maior da cantora? Ficar perto da fam\u00edlia.<\/p>\n<p>Continua depois da publicidade<\/p>\n<p>Quem acompanha a carreira de Anitta, sabe que nos \u00faltimos tempos ela entrou em uma fase de busca pela espiritualidade, coisa que ela sempre prezou, mas agora est\u00e1 mais em evid\u00eancia. A casa dela tamb\u00e9m reflete isso, com espa\u00e7o para rituais e uma atmosfera zen.<\/p>\n<p>Como \u00e9 a casa de Anitta no Rio de Janeiro1<\/p>\n<p>VoltarAvan\u00e7ar<\/p>\n<p><img loading=\"lazy\" decoding=\"async\" width=\"1200\" height=\"675\" data-id=\"7648168\" src=\"https:\/\/www.europesays.com\/pt\/wp-content\/uploads\/2025\/11\/Casa-da-cantora-Anitta-no-Rio-de-Janeiro.jpg\" alt=\"Casa da cantora Anitta no Rio de Janeiro \" class=\"wp-image-7648168\"  \/><\/p>\n<p>Anitta abre as portas da sua casa no Rio de Janeiro (Foto: Reprodu\u00e7\u00e3o, YouTube, Casa Vogue)<\/p>\n<p><img loading=\"lazy\" decoding=\"async\" width=\"1200\" height=\"675\" data-id=\"7648167\" src=\"https:\/\/www.europesays.com\/pt\/wp-content\/uploads\/2025\/11\/Casa-da-cantora-Anitta-no-Rio-de-Janeiro-12.jpg\" alt=\"\" class=\"wp-image-7648167\"  \/><\/p>\n<p>Um dos quartos da casa (Foto: Reprodu\u00e7\u00e3o, YouTube, Casa Vogue)<\/p>\n<p><img loading=\"lazy\" decoding=\"async\" width=\"1200\" height=\"675\" data-id=\"7648166\" src=\"https:\/\/www.europesays.com\/pt\/wp-content\/uploads\/2025\/11\/Casa-da-cantora-Anitta-no-Rio-de-Janeiro-11.jpg\" alt=\"Casa da cantora Anitta no Rio de Janeiro \" class=\"wp-image-7648166\"  \/><\/p>\n<p>Resid\u00eancia tem muitas \u00e1reas de conv\u00edvio (Foto: Reprodu\u00e7\u00e3o, YouTube, Casa Vogue)<\/p>\n<p><img loading=\"lazy\" decoding=\"async\" width=\"1200\" height=\"675\" data-id=\"7648165\" src=\"https:\/\/www.europesays.com\/pt\/wp-content\/uploads\/2025\/11\/Casa-da-cantora-Anitta-no-Rio-de-Janeiro-10.jpg\" alt=\"\" class=\"wp-image-7648165\"  \/><\/p>\n<p>Decora\u00e7\u00e3o mistura r\u00fastico com modernidade (Foto: Reprodu\u00e7\u00e3o, YouTube, Casa Vogue)<\/p>\n<p><img loading=\"lazy\" decoding=\"async\" width=\"1200\" height=\"675\" data-id=\"7648164\" src=\"https:\/\/www.europesays.com\/pt\/wp-content\/uploads\/2025\/11\/Casa-da-cantora-Anitta-no-Rio-de-Janeiro-9.jpg\" alt=\"Casa da cantora Anitta no Rio de Janeiro \" class=\"wp-image-7648164\"  \/><\/p>\n<p>Anitta gosta de espa\u00e7os aconchegantes (Foto: Reprodu\u00e7\u00e3o, YouTube, Casa Vogue)<\/p>\n<p><img loading=\"lazy\" decoding=\"async\" width=\"1200\" height=\"675\" data-id=\"7648163\" src=\"https:\/\/www.europesays.com\/pt\/wp-content\/uploads\/2025\/11\/Casa-da-cantora-Anitta-no-Rio-de-Janeiro-8.jpg\" alt=\"\" class=\"wp-image-7648163\"  \/><\/p>\n<p>A sala de jantar tem uma decora\u00e7\u00e3o cheia de brasilidade (Foto: Reprodu\u00e7\u00e3o, YouTube, Casa Vogue)<\/p>\n<p><img loading=\"lazy\" decoding=\"async\" width=\"1200\" height=\"675\" data-id=\"7648162\" src=\"https:\/\/www.europesays.com\/pt\/wp-content\/uploads\/2025\/11\/Casa-da-cantora-Anitta-no-Rio-de-Janeiro-7.jpg\" alt=\"Casa da cantora Anitta no Rio de Janeiro \" class=\"wp-image-7648162\"  \/><\/p>\n<p>Detalhes (Foto: Reprodu\u00e7\u00e3o, YouTube, Casa Vogue)<\/p>\n<p><img loading=\"lazy\" decoding=\"async\" width=\"1200\" height=\"675\" data-id=\"7648161\" src=\"https:\/\/www.europesays.com\/pt\/wp-content\/uploads\/2025\/11\/Casa-da-cantora-Anitta-no-Rio-de-Janeiro-6.jpg\" alt=\"\" class=\"wp-image-7648161\"  \/><\/p>\n<p>\u00c1rea externa da casa \u00e9 um dos destaques (Foto: Reprodu\u00e7\u00e3o, YouTube, Casa Vogue)<\/p>\n<p><img loading=\"lazy\" decoding=\"async\" width=\"1200\" height=\"675\" data-id=\"7648159\" src=\"https:\/\/www.europesays.com\/pt\/wp-content\/uploads\/2025\/11\/Casa-da-cantora-Anitta-no-Rio-de-Janeiro-5.jpg\" alt=\"Casa da cantora Anitta no Rio de Janeiro \" class=\"wp-image-7648159\"  \/><\/p>\n<p>Anitta na sua casa de 1,5 mil metros quadrados (Foto: Reprodu\u00e7\u00e3o, YouTube, Casa Vogue)<\/p>\n<p><img loading=\"lazy\" decoding=\"async\" width=\"1200\" height=\"675\" data-id=\"7648157\" src=\"https:\/\/www.europesays.com\/pt\/wp-content\/uploads\/2025\/11\/Casa-da-cantora-Anitta-no-Rio-de-Janeiro-4.jpg\" alt=\"\" class=\"wp-image-7648157\"  \/><\/p>\n<p>Im\u00f3vel \u00e9 cercado pela Floresta da Tijuca (Foto: Reprodu\u00e7\u00e3o, YouTube, Casa Vogue)<\/p>\n<p><img loading=\"lazy\" decoding=\"async\" width=\"1200\" height=\"675\" data-id=\"7648155\" src=\"https:\/\/www.europesays.com\/pt\/wp-content\/uploads\/2025\/11\/Casa-da-cantora-Anitta-no-Rio-de-Janeiro-3.jpg\" alt=\"Casa da cantora Anitta no Rio de Janeiro \" class=\"wp-image-7648155\"  \/><\/p>\n<p>Piscina integrada com \u00e1rea para recep\u00e7\u00e3o (Foto: Reprodu\u00e7\u00e3o, YouTube, Casa Vogue)<\/p>\n<p><img loading=\"lazy\" decoding=\"async\" width=\"1200\" height=\"675\" data-id=\"7648153\" src=\"https:\/\/www.europesays.com\/pt\/wp-content\/uploads\/2025\/11\/Casa-da-cantora-Anitta-no-Rio-de-Janeiro-2.jpg\" alt=\"\" class=\"wp-image-7648153\"  \/><\/p>\n<p>Luz natural da casa (Foto: Reprodu\u00e7\u00e3o, YouTube, Casa Vogue)<\/p>\n<p><img loading=\"lazy\" decoding=\"async\" width=\"1200\" height=\"675\" data-id=\"7648150\" src=\"https:\/\/www.europesays.com\/pt\/wp-content\/uploads\/2025\/11\/Casa-da-cantora-Anitta-no-Rio-de-Janeiro-20.jpg\" alt=\"Casa da cantora Anitta no Rio de Janeiro \" class=\"wp-image-7648150\"  \/><\/p>\n<p>Detalhes da ilumina\u00e7\u00e3o nas escadas (Foto: Reprodu\u00e7\u00e3o, YouTube, Casa Vogue)<\/p>\n<p><img loading=\"lazy\" decoding=\"async\" width=\"1200\" height=\"675\" data-id=\"7648149\" src=\"https:\/\/www.europesays.com\/pt\/wp-content\/uploads\/2025\/11\/Casa-da-cantora-Anitta-no-Rio-de-Janeiro-19.jpg\" alt=\"\" class=\"wp-image-7648149\"  \/><\/p>\n<p>Anitta adora fazer festas para receber os amigos (Foto: Reprodu\u00e7\u00e3o, YouTube, Casa Vogue)<\/p>\n<p><img loading=\"lazy\" decoding=\"async\" width=\"1200\" height=\"675\" data-id=\"7648148\" src=\"https:\/\/www.europesays.com\/pt\/wp-content\/uploads\/2025\/11\/Casa-da-cantora-Anitta-no-Rio-de-Janeiro-18.jpg\" alt=\"Casa da cantora Anitta no Rio de Janeiro \" class=\"wp-image-7648148\"  \/><\/p>\n<p>Piscina (Foto: Reprodu\u00e7\u00e3o, YouTube, Casa Vogue)<\/p>\n<p><img loading=\"lazy\" decoding=\"async\" width=\"1200\" height=\"675\" data-id=\"7648147\" src=\"https:\/\/www.europesays.com\/pt\/wp-content\/uploads\/2025\/11\/Casa-da-cantora-Anitta-no-Rio-de-Janeiro-17.jpg\" alt=\"Casa da cantora Anitta no Rio de Janeiro \" class=\"wp-image-7648147\"  \/><\/p>\n<p>Uma das su\u00edtes decoradas para h\u00f3spedes (Foto: Reprodu\u00e7\u00e3o, YouTube, Casa Vogue)<\/p>\n<p><img loading=\"lazy\" decoding=\"async\" width=\"1200\" height=\"675\" data-id=\"7648146\" src=\"https:\/\/www.europesays.com\/pt\/wp-content\/uploads\/2025\/11\/Casa-da-cantora-Anitta-no-Rio-de-Janeiro-16.jpg\" alt=\"\" class=\"wp-image-7648146\"  \/><\/p>\n<p>Cantora tamb\u00e9m gosta de muitos objetos de arte (Foto: Reprodu\u00e7\u00e3o, YouTube, Casa Vogue)<\/p>\n<p><img loading=\"lazy\" decoding=\"async\" width=\"1200\" height=\"675\" data-id=\"7648145\" src=\"https:\/\/www.europesays.com\/pt\/wp-content\/uploads\/2025\/11\/Casa-da-cantora-Anitta-no-Rio-de-Janeiro-15.jpg\" alt=\"Casa da cantora Anitta no Rio de Janeiro \" class=\"wp-image-7648145\"  \/><\/p>\n<p>Quarto de h\u00f3spedes (Foto: Reprodu\u00e7\u00e3o, YouTube, Casa Vogue)<\/p>\n<p><img loading=\"lazy\" decoding=\"async\" width=\"1200\" height=\"675\" data-id=\"7648144\" src=\"https:\/\/www.europesays.com\/pt\/wp-content\/uploads\/2025\/11\/Casa-da-cantora-Anitta-no-Rio-de-Janeiro-14.jpg\" alt=\"Casa da cantora Anitta no Rio de Janeiro \" class=\"wp-image-7648144\"  \/><\/p>\n<p>Sala de Estar (Foto: Reprodu\u00e7\u00e3o, YouTube, Casa Vogue)<\/p>\n<p><img loading=\"lazy\" decoding=\"async\" width=\"1200\" height=\"675\" data-id=\"7648143\" src=\"https:\/\/www.europesays.com\/pt\/wp-content\/uploads\/2025\/11\/Casa-da-cantora-Anitta-no-Rio-de-Janeiro-13.jpg\" alt=\"\" class=\"wp-image-7648143\"  \/><\/p>\n<p>Um dos banheiros da casa (Foto: Reprodu\u00e7\u00e3o, YouTube, Casa Vogue)<\/p>\n<p>A personalidade forte de Anitta se reflete em tudo que a cantora faz, inclusive, na decora\u00e7\u00e3o da casa dela no Rio de Janeiro. Em fevereiro deste ano, ela abriu as portas de sua casa para a Revista Vogue e mostrou detalhes de um im\u00f3vel de 1,5 mil metros quadrados.<\/p>\n<p>Cercada pela Floresta da Tijuca, no Rio de Janeiro, a casa de Anitta fica no\u00a0Itanhang\u00e1, no Rio de Janeiro, e \u00e9 toda conectada com a natureza. Tem uma \u00e1rea externa grande onde ela pode fazer suas festas e receber seus amigos. Quem j\u00e1 foi a uma festa na casa de Anitta costuma dizer que \u00e9 inesquec\u00edvel.<\/p>\n<p>Continua depois da publicidade<\/p>\n<p>A prova de que ela gosta de receber as pessoas est\u00e1 na quantidade de quartos de h\u00f3spede que Anitta tem, com direito a su\u00edte exclusiva decoradas com neon. Em outro quarto ela mostra beliches para acomodar v\u00e1rios amigos de uma vez s\u00f3.<\/p>\n<p>E j\u00e1 que voc\u00ea gosta de ver casas de famosos, veja <a href=\"https:\/\/www.nsctotal.com.br\/noticias\/como-e-a-casa-de-alice-wegmann-a-solange-duprat-de-vale-tudo\" target=\"_blank\" rel=\"noreferrer noopener nofollow\"><strong>como \u00e9 a casa de Alice Wegmann, a Solange Duprat de Vale Tudo<\/strong><\/a>.<\/p>\n","protected":false},"excerpt":{"rendered":"Anitta deixou os Estados Unidos e voltou a morar no Rio de Janeiro (Fotos: Reprodu\u00e7\u00e3o, Redes Sociais) A&hellip;\n","protected":false},"author":2,"featured_media":143395,"comment_status":"","ping_status":"","sticky":false,"template":"","format":"standard","meta":{"footnotes":""},"categories":[145],"tags":[211,210,114,115,32,33,794],"class_list":{"0":"post-143394","1":"post","2":"type-post","3":"status-publish","4":"format-standard","5":"has-post-thumbnail","7":"category-celebridades","8":"tag-celebridades","9":"tag-celebrities","10":"tag-entertainment","11":"tag-entretenimento","12":"tag-portugal","13":"tag-pt","14":"tag-voce-viu"},"share_on_mastodon":{"url":"https:\/\/pubeurope.com\/@pt\/115510425367410115","error":""},"_links":{"self":[{"href":"https:\/\/www.europesays.com\/pt\/wp-json\/wp\/v2\/posts\/143394","targetHints":{"allow":["GET"]}}],"collection":[{"href":"https:\/\/www.europesays.com\/pt\/wp-json\/wp\/v2\/posts"}],"about":[{"href":"https:\/\/www.europesays.com\/pt\/wp-json\/wp\/v2\/types\/post"}],"author":[{"embeddable":true,"href":"https:\/\/www.europesays.com\/pt\/wp-json\/wp\/v2\/users\/2"}],"replies":[{"embeddable":true,"href":"https:\/\/www.europesays.com\/pt\/wp-json\/wp\/v2\/comments?post=143394"}],"version-history":[{"count":0,"href":"https:\/\/www.europesays.com\/pt\/wp-json\/wp\/v2\/posts\/143394\/revisions"}],"wp:featuredmedia":[{"embeddable":true,"href":"https:\/\/www.europesays.com\/pt\/wp-json\/wp\/v2\/media\/143395"}],"wp:attachment":[{"href":"https:\/\/www.europesays.com\/pt\/wp-json\/wp\/v2\/media?parent=143394"}],"wp:term":[{"taxonomy":"category","embeddable":true,"href":"https:\/\/www.europesays.com\/pt\/wp-json\/wp\/v2\/categories?post=143394"},{"taxonomy":"post_tag","embeddable":true,"href":"https:\/\/www.europesays.com\/pt\/wp-json\/wp\/v2\/tags?post=143394"}],"curies":[{"name":"wp","href":"https:\/\/api.w.org\/{rel}","templated":true}]}}