{"id":143400,"date":"2025-11-07T21:02:11","date_gmt":"2025-11-07T21:02:11","guid":{"rendered":"https:\/\/www.europesays.com\/pt\/143400\/"},"modified":"2025-11-07T21:02:11","modified_gmt":"2025-11-07T21:02:11","slug":"guerreiras-do-k-pop-a-cena-deletada-de-rumi-e-jinu-que-levaria-os-fas-a-loucura","status":"publish","type":"post","link":"https:\/\/www.europesays.com\/pt\/143400\/","title":{"rendered":"Guerreiras do K-pop: a cena deletada de Rumi e Jinu que levaria os f\u00e3s a loucura"},"content":{"rendered":"<p>Al\u00e9m de muita a\u00e7\u00e3o, com\u00e9dia e drama, \u201c<a href=\"https:\/\/recreio.com.br\/tags\/guerreiras-do-k-pop\" target=\"_blank\" rel=\"noopener nofollow\">Guerreiras do K-pop<\/a>\u201d tem mais um elemento que enriquece a hist\u00f3ria: o romance! Acontece que, a hist\u00f3ria, que apresenta um grupo de idols que vive uma vida dupla secreta como ca\u00e7adoras de dem\u00f4nios, acaba trazendo como sub-trama o romance proibido entre Rumi e Jinu \u2014 cujo relacionamento tem uma cena deletada que levaria os f\u00e3s a loucura<\/p>\n<p>\t Como Rumi e Jinu se aproximaram? <img loading=\"lazy\" decoding=\"async\" class=\"size-full wp-image-57346 img-fluid lazy\" alt=\"\" width=\"1920\" height=\"1080\" src=\"https:\/\/www.europesays.com\/pt\/wp-content\/uploads\/2025\/11\/Rumi-e-Jinu.webp.webp\"  \/>Jinu e Rumi de \u2018Guerreiras do K-Pop\u2019 (2025) \u2013 Reprodu\u00e7\u00e3o\/Netflix <\/p>\n<p>Para relembrar, Rumi \u00e9 a l\u00edder e vocalista principal do HUNTR\/X, grupo que conta ainda com Mira e Zoey como membros, as quais continuam um legado que \u00e9 passado por gera\u00e7\u00f5es. Isso porque elas foram escolhidas como o novo trio de ca\u00e7adoras de dem\u00f4nios, que, para manter a humanidade segura, usam suas vozes fortes para fortalecer o Honmon (barreira m\u00e1gica contra criaturas sobrenaturais mal\u00e9ficas), e empunham armas repletas de magia para derrotar os inimigos.<\/p>\n<p> [CUIDADO! SPOILERS DE \u2018GUERREIRAS DO K-POP ABAIXO\u2019] <\/p>\n<p>No entanto, Rumi esconde um segredo: ela \u00e9 meio-dem\u00f4nio! Entre os dois mundos, ela acaba tendo a outra parte de si compreendida por Jinu, jovem que se tornou dem\u00f4nio ao fazer um pacto por fama e riqueza, abandonando sua fam\u00edlia, e \u00e9 for\u00e7ado a se tornar o l\u00edder do Saja Boys \u2014 grupo de idols dem\u00f4nios que s\u00e3o enviados pelo rei dos dem\u00f4nios, Gwi-Mah, para enfraquecer o HUNTR\/X.<\/p>\n<p>Inicialmente envolvidos na rivalidade imposta por seus pap\u00e9is na trama, afinal ela uma ca\u00e7adora e ele um dem\u00f4nio, os dois acabam se aproximando quando ele se torna o primeiro a saber quem ela \u00e9 de verdade, fazendo com que embarquem em uma jornada de apoio e reden\u00e7\u00e3o, a qual se encerra com o sacrif\u00edcio de Jinu para proteger Rumi de Gwi-Ma, j\u00e1 que ele entrega a sua alma para que ela possa derrotar o vil\u00e3o e construir uma nova barreira m\u00e1gica.<\/p>\n<p>\t Um beijo? <\/p>\n<p>Apesar de terem diversos momentos juntos, incluindo um dueto musical atrav\u00e9s da can\u00e7\u00e3o \u201cFree\u201d (ou \u201cLivre\u201d), h\u00e1 um detalhe que n\u00e3o faz parte da hist\u00f3ria de amor de Jinu e Rumi: o beijo!<\/p>\n<p>Durante a trama, h\u00e1 alguns encontros em que parecem que v\u00e3o terminar com o aguardado toque de l\u00e1bios, mas esses momentos s\u00e3o sempre interrompidos \u2014 apesar de n\u00e3o ter sido assim desde o in\u00edcio, j\u00e1 que a decis\u00e3o de n\u00e3o incluir o beijo do casal s\u00f3 surgiu depois.<\/p>\n<p>Acontece que a criadora da hist\u00f3ria <a href=\"https:\/\/www.instagram.com\/nutmags\/\" target=\"_blank\" rel=\"noopener nofollow\"><strong>Maggie Kang<\/strong><\/a>, que tamb\u00e9m dirigiu a anima\u00e7\u00e3o ao lado de<a href=\"https:\/\/en.wikipedia.org\/wiki\/Chris_Appelhans\" target=\"_blank\" rel=\"noopener nofollow\"> <strong>Chris Appelhans<\/strong>,<\/a> confirmou em uma sess\u00e3o de perguntas e respostas no Reddit (via Koreaboo) a exist\u00eancia de um beijo entre Rumi e Jinu na vers\u00e3o inicial da hist\u00f3ria. Por\u00e9m, o problema \u00e9 que o esperado momento acabou n\u00e3o indo para o corte final do filme.<\/p>\n<p>Segundo ela, a decis\u00e3o de omitir a cena foi tomada pois \u201cmostrar menos, \u00e0s vezes, \u00e9 mais\u201d, dessa forma, a anima\u00e7\u00e3o p\u00f4de permanecer centrada na mensagem principal: a autoaceita\u00e7\u00e3o, forcando na jornada de Rumi de se libertar da press\u00e3o de esconder parte importante do que faz ela ser quem realmente \u00e9.<\/p>\n<p>Ainda assim, com a confirma\u00e7\u00e3o de \u201cGuerreiras do K-pop 2\u201d e a expectativa de que Jinu ainda possa estar vivo ap\u00f3s a cena final, h\u00e1 a esperan\u00e7a de que o esperado beijo de Rumi e Jinu chegue com a segunda parte da anima\u00e7\u00e3o.<\/p>\n<p>\u201cGuerreiras do K-pop\u201d est\u00e1 dispon\u00edvel para streaming na <a href=\"https:\/\/www.netflix.com\/\" target=\"_blank\" rel=\"noopener nofollow\">Netflix<\/a>.<\/p>\n<p>\u00a0<\/p>\n<p>\u00a0<\/p>\n<p>        <a href=\"https:\/\/recreio.com.br\/noticias\/author\/izabela-queiroz\" rel=\"nofollow noopener\" target=\"_blank\">&#13;<br \/>\n          <img alt=\"Izabela Queiroz\" src=\"https:\/\/www.europesays.com\/pt\/wp-content\/uploads\/2025\/11\/1762549331_623_73c0b9c1056486c3f0ac887fc031213cdd608512c3b419d28e1ba5da81c3eb12\"  class=\"avatar avatar-115 photo rounded-circle mr-3\" height=\"115\" width=\"115\" loading=\"lazy\" decoding=\"async\"\/>        <\/a><\/p>\n<p>Izabela Queiroz, jornalista por paix\u00e3o e cin\u00e9fila de carteirinha. Formada pela UNINOVE, encontrou na escrita o lugar ideal para unir tudo o que mais gosta: filmes, s\u00e9ries e m\u00fasica. Nos textos, h\u00e1 quase sempre refer\u00eancias a algo relacionado \u00e0 cultura pop que a marcou. Fora deles, a encontrar\u00e1 assistindo hist\u00f3rias com reviravoltas chocantes, romances cativantes e dramas que a fazem chorar.<\/p>\n<p>\t                                            <script async src=\"\/\/www.instagram.com\/embed.js\"><\/script><\/p>\n","protected":false},"excerpt":{"rendered":"Al\u00e9m de muita a\u00e7\u00e3o, com\u00e9dia e drama, \u201cGuerreiras do K-pop\u201d tem mais um elemento que enriquece a hist\u00f3ria:&hellip;\n","protected":false},"author":2,"featured_media":29100,"comment_status":"","ping_status":"","sticky":false,"template":"","format":"standard","meta":{"footnotes":""},"categories":[141],"tags":[10195,114,115,148,4550,149,150,716,32,33],"class_list":{"0":"post-143400","1":"post","2":"type-post","3":"status-publish","4":"format-standard","5":"has-post-thumbnail","7":"category-musica","8":"tag-animacoes","9":"tag-entertainment","10":"tag-entretenimento","11":"tag-filmes","12":"tag-guerreiras-do-k-pop","13":"tag-music","14":"tag-musica","15":"tag-netflix","16":"tag-portugal","17":"tag-pt"},"share_on_mastodon":{"url":"https:\/\/pubeurope.com\/@pt\/115510440450861887","error":""},"_links":{"self":[{"href":"https:\/\/www.europesays.com\/pt\/wp-json\/wp\/v2\/posts\/143400","targetHints":{"allow":["GET"]}}],"collection":[{"href":"https:\/\/www.europesays.com\/pt\/wp-json\/wp\/v2\/posts"}],"about":[{"href":"https:\/\/www.europesays.com\/pt\/wp-json\/wp\/v2\/types\/post"}],"author":[{"embeddable":true,"href":"https:\/\/www.europesays.com\/pt\/wp-json\/wp\/v2\/users\/2"}],"replies":[{"embeddable":true,"href":"https:\/\/www.europesays.com\/pt\/wp-json\/wp\/v2\/comments?post=143400"}],"version-history":[{"count":0,"href":"https:\/\/www.europesays.com\/pt\/wp-json\/wp\/v2\/posts\/143400\/revisions"}],"wp:featuredmedia":[{"embeddable":true,"href":"https:\/\/www.europesays.com\/pt\/wp-json\/wp\/v2\/media\/29100"}],"wp:attachment":[{"href":"https:\/\/www.europesays.com\/pt\/wp-json\/wp\/v2\/media?parent=143400"}],"wp:term":[{"taxonomy":"category","embeddable":true,"href":"https:\/\/www.europesays.com\/pt\/wp-json\/wp\/v2\/categories?post=143400"},{"taxonomy":"post_tag","embeddable":true,"href":"https:\/\/www.europesays.com\/pt\/wp-json\/wp\/v2\/tags?post=143400"}],"curies":[{"name":"wp","href":"https:\/\/api.w.org\/{rel}","templated":true}]}}