{"id":143417,"date":"2025-11-07T21:21:09","date_gmt":"2025-11-07T21:21:09","guid":{"rendered":"https:\/\/www.europesays.com\/pt\/143417\/"},"modified":"2025-11-07T21:21:09","modified_gmt":"2025-11-07T21:21:09","slug":"familias-simioni-e-dalagnol-destacam-linha-pinhal-no-trofeu-migrante-2025-radio-rural","status":"publish","type":"post","link":"https:\/\/www.europesays.com\/pt\/143417\/","title":{"rendered":"Fam\u00edlias Simioni e Dalagnol destacam Linha Pinhal no Trof\u00e9u Migrante 2025 &#8211; R\u00e1dio Rural"},"content":{"rendered":"<ol>\n<li><a href=\"https:\/\/news.google.com\/rss\/articles\/CBMiygFBVV95cUxNR2gySTBMRHY5eVVuQ0V2UVZfdzFSR3djX0hKV0hSUXRSLWFsMFFxS2lnRXpneHVTeE5qT3A3a2c4dkhOM1BqN2FDUjl6NUR6aUxzZGQyNHNueTJSeFA3Um10eU1DdmR0cEQ3MzdLbE5hWHpmaDA3NUVkS3BNdVFfbUJKTW5QZ2s2cFFtSUNFWmh3SVRRUzhIS2t1aDAwTnZOOV9zaXlvVEYwOTZNWGZxcFlLV052Q1FVOWVsaXBNZ1gydGprQW1aRmVn?oc=5\" target=\"_blank\" rel=\"nofollow noopener\">Fam\u00edlias Simioni e Dalagnol destacam Linha Pinhal no Trof\u00e9u Migrante 2025<\/a>&nbsp;&nbsp;R\u00e1dio Rural<\/li>\n<li><a href=\"https:\/\/news.google.com\/rss\/articles\/CBMivwFBVV95cUxOeWRlb3gxS0ozUnpKbGtTemUyQnVaaW9JVWJvdzRDVDV6U2FYRVk5V09KT2UweDFWWHBOYUlfby1ITzB3MnJfeVB3eGNwcnFyVXItTm81NjlmLVpGYjVMa1gyQW81bGVPTTM1MXZxZWp2dlY3NnZyY1hFc0VINHozc01xai1PRHZDd29uclFCSGpuMGY0c2xMTnFfaGw5YmtfVGpTUlozaV9nZEZfTzEyckdPUHFzdFVVWjR5blktWQ?oc=5\" target=\"_blank\" rel=\"nofollow noopener\">Trof\u00e9u Migrante 2025 reconhece empreendedores e produtores de Conc\u00f3rdia<\/a>&nbsp;&nbsp;Oeste Mais<\/li>\n<li><a href=\"https:\/\/news.google.com\/rss\/articles\/CBMitwFBVV95cUxNaEZxYm9hNEt4MWdUZW5pTDBDM3BYZXplQV9veENQZnVyOWJQUlV0VTNDVS0tbDFiRnI4NkJZS21ZZjQ4S1NQSXZ0NmxJZG91eWcxVll2ejFvQUgybk95WU5ZczBWYWdGMW84S3VhUldLNjBFSTEzVzl4TERrajl6bTA1WHV3UkdHaWhWSF9aNC1xajNCN05oUVVleVZ3TC1ZcC1OX2FQbk5lcXNKRlR0b05iVjlWQlXSAaMBQVVfeXFMTm1QUG1oZmxCZXFnSHJkbDVpSzg0QW1ONUthNWJ0dGQ5OXdnTURoV1FZN1BiTGtzdi1HS1VweElncU5zdm5xSHFiQlplMldBcHgwbWtreEJyc1V3VVhsQWJ5dU1DYVlHajNqTWNZUlNlR0RPOVRBZnJKZzNrRG9mTWwzVFR2bDU5NE84NHB5cWFGTlBRNGM4eFhkMmZSM1pJdl9kOA?oc=5\" target=\"_blank\" rel=\"nofollow noopener\">Trof\u00e9u Migrante homenageia quase 100 empres\u00e1rios e agricultores de Conc\u00f3rdia<\/a>&nbsp;&nbsp;Alian\u00e7a News<\/li>\n<li><a href=\"https:\/\/news.google.com\/rss\/articles\/CBMi3AFBVV95cUxQUXRtbkpZMjJpMUFsOGFpYXViNVFMNXdiVkdZSGd1MVVZU1Y2d1RpRnZ6U1FnOVIxNlJRV1FTTmVWMUd4NmdydjNJMDV6Nk9nT2VWWTRad2pCb1EzZTAxWldLZVNIQmhlQXh6LXpfSF92X3A3eXk0RURaYmRYek1HOS1jajV6MmhtZUc5d1VhTnJiTUs0ell6M2RmSWpNWWM5emZua2gxYXBQQ2lYVWl5cEdQRWJfaGJBMGtLaTZjdDRtbmw4bkIwdUhEUkZYbXdCa0pzVmZvZHlpS05D0gHIAUFVX3lxTFBwLW1Xb0IyU2U2d0tDd2NDeTRqVFZtaFAtemJKT3Q2b2hUcjNGdndxVzZrRFlCTG5WYWFWWnpsaXczYnJ6bGRaMVNlMk4xVEJoa3lBRDRwMW9hWkpIRHZGWHNQZ1VSOFJNc3ZjVGxQbHJXYlBEcEFoRGZlbmdGYkIxR204LW5jNFpKclR1R1JHU1kzTk53bktIbTNTdlljVWhTQmoyUUlWS1VWZjRmRkxPV3NENDU5SXBQcVNtb1ZDTFJfNTc1UEM2?oc=5\" target=\"_blank\" rel=\"nofollow noopener\">Homenagem: prefeitura de Conc\u00f3rdia entrega hoje Trof\u00e9u Migrante para quase 100 empres\u00e1rios e agricultores<\/a>&nbsp;&nbsp;Alian\u00e7a News<\/li>\n<\/ol>\n","protected":false},"excerpt":{"rendered":"Fam\u00edlias Simioni e Dalagnol destacam Linha Pinhal no Trof\u00e9u Migrante 2025&nbsp;&nbsp;R\u00e1dio Rural Trof\u00e9u Migrante 2025 reconhece empreendedores e&hellip;\n","protected":false},"author":2,"featured_media":143418,"comment_status":"","ping_status":"","sticky":false,"template":"","format":"standard","meta":{"footnotes":""},"categories":[141],"tags":[562,726,2733,2731,476,539,2258,114,115,1062,986,2732,149,150,1086,52,32,33,3551,117],"class_list":{"0":"post-143417","1":"post","2":"type-post","3":"status-publish","4":"format-standard","5":"has-post-thumbnail","7":"category-musica","8":"tag-agricultura","9":"tag-brasil","10":"tag-carnaval","11":"tag-dicas-do-dia","12":"tag-economia","13":"tag-educacao","14":"tag-eleicoes","15":"tag-entertainment","16":"tag-entretenimento","17":"tag-esportes","18":"tag-estado","19":"tag-geral","20":"tag-music","21":"tag-musica","22":"tag-policia","23":"tag-politica","24":"tag-portugal","25":"tag-pt","26":"tag-regiao","27":"tag-saude"},"share_on_mastodon":{"url":"https:\/\/pubeurope.com\/@pt\/115510515026580931","error":""},"_links":{"self":[{"href":"https:\/\/www.europesays.com\/pt\/wp-json\/wp\/v2\/posts\/143417","targetHints":{"allow":["GET"]}}],"collection":[{"href":"https:\/\/www.europesays.com\/pt\/wp-json\/wp\/v2\/posts"}],"about":[{"href":"https:\/\/www.europesays.com\/pt\/wp-json\/wp\/v2\/types\/post"}],"author":[{"embeddable":true,"href":"https:\/\/www.europesays.com\/pt\/wp-json\/wp\/v2\/users\/2"}],"replies":[{"embeddable":true,"href":"https:\/\/www.europesays.com\/pt\/wp-json\/wp\/v2\/comments?post=143417"}],"version-history":[{"count":0,"href":"https:\/\/www.europesays.com\/pt\/wp-json\/wp\/v2\/posts\/143417\/revisions"}],"wp:featuredmedia":[{"embeddable":true,"href":"https:\/\/www.europesays.com\/pt\/wp-json\/wp\/v2\/media\/143418"}],"wp:attachment":[{"href":"https:\/\/www.europesays.com\/pt\/wp-json\/wp\/v2\/media?parent=143417"}],"wp:term":[{"taxonomy":"category","embeddable":true,"href":"https:\/\/www.europesays.com\/pt\/wp-json\/wp\/v2\/categories?post=143417"},{"taxonomy":"post_tag","embeddable":true,"href":"https:\/\/www.europesays.com\/pt\/wp-json\/wp\/v2\/tags?post=143417"}],"curies":[{"name":"wp","href":"https:\/\/api.w.org\/{rel}","templated":true}]}}