{"id":143425,"date":"2025-11-07T21:26:11","date_gmt":"2025-11-07T21:26:11","guid":{"rendered":"https:\/\/www.europesays.com\/pt\/143425\/"},"modified":"2025-11-07T21:26:11","modified_gmt":"2025-11-07T21:26:11","slug":"morreu-james-watson-o-cientista-que-descobriu-a-estrutura-do-adn","status":"publish","type":"post","link":"https:\/\/www.europesays.com\/pt\/143425\/","title":{"rendered":"Morreu James Watson, o cientista que descobriu a estrutura do ADN"},"content":{"rendered":"<p data-remotead-prev-elm=\"true\" data-remotead-elm-id=\"inread\">A morte foi confirmada pelo laborat\u00f3rio Cold Spring Harbor, que fundou e onde fez carreira, e pelo seu filho Rufus, que n\u00e3o adiantou uma causa espec\u00edfica.<\/p>\n<p>A descoberta da estrutura de dupla h\u00e9lice da mol\u00e9cula de ADN (que armazena a informa\u00e7\u00e3o gen\u00e9tica de um ser vivo) valeu-lhe o Pr\u00e9mio Nobel da Medicina em 1962 juntamente com o brit\u00e2nico Francis Crick e o neozeland\u00eas Maurice Wilkins.<\/p>\n<p>Watson foi professor na Universidade de Harvard e dirigiu o Projeto Genoma Humano, que mapeou os mais de 20 mil genes encontrados nos cromossomas humanos.<\/p>\n<p data-remotead-prev-elm=\"true\" data-remotead-elm-id=\"centro1\">Segundo o &#8220;The Washington Post&#8221;, o geneticista foi ostracizado profissionalmente no final da vida por coment\u00e1rios considerados sexistas e racistas.<\/p>\n<p>Aos 80 anos demitiu-se do cargo que ocupava no laborat\u00f3rio Cold Spring Harbor e seis anos depois colocou a leil\u00e3o a medalha do Nobel.<\/p>\n","protected":false},"excerpt":{"rendered":"A morte foi confirmada pelo laborat\u00f3rio Cold Spring Harbor, que fundou e onde fez carreira, e pelo seu&hellip;\n","protected":false},"author":2,"featured_media":143426,"comment_status":"","ping_status":"","sticky":false,"template":"","format":"standard","meta":{"footnotes":""},"categories":[84],"tags":[2216,109,107,108,1437,62,32,33,105,103,104,106,110],"class_list":{"0":"post-143425","1":"post","2":"type-post","3":"status-publish","4":"format-standard","5":"has-post-thumbnail","7":"category-ciencia-e-tecnologia","8":"tag-adn","9":"tag-ciencia","10":"tag-ciencia-e-tecnologia","11":"tag-cienciaetecnologia","12":"tag-morte","13":"tag-mundo","14":"tag-portugal","15":"tag-pt","16":"tag-science","17":"tag-science-and-technology","18":"tag-scienceandtechnology","19":"tag-technology","20":"tag-tecnologia"},"share_on_mastodon":{"url":"https:\/\/pubeurope.com\/@pt\/115510534612343122","error":""},"_links":{"self":[{"href":"https:\/\/www.europesays.com\/pt\/wp-json\/wp\/v2\/posts\/143425","targetHints":{"allow":["GET"]}}],"collection":[{"href":"https:\/\/www.europesays.com\/pt\/wp-json\/wp\/v2\/posts"}],"about":[{"href":"https:\/\/www.europesays.com\/pt\/wp-json\/wp\/v2\/types\/post"}],"author":[{"embeddable":true,"href":"https:\/\/www.europesays.com\/pt\/wp-json\/wp\/v2\/users\/2"}],"replies":[{"embeddable":true,"href":"https:\/\/www.europesays.com\/pt\/wp-json\/wp\/v2\/comments?post=143425"}],"version-history":[{"count":0,"href":"https:\/\/www.europesays.com\/pt\/wp-json\/wp\/v2\/posts\/143425\/revisions"}],"wp:featuredmedia":[{"embeddable":true,"href":"https:\/\/www.europesays.com\/pt\/wp-json\/wp\/v2\/media\/143426"}],"wp:attachment":[{"href":"https:\/\/www.europesays.com\/pt\/wp-json\/wp\/v2\/media?parent=143425"}],"wp:term":[{"taxonomy":"category","embeddable":true,"href":"https:\/\/www.europesays.com\/pt\/wp-json\/wp\/v2\/categories?post=143425"},{"taxonomy":"post_tag","embeddable":true,"href":"https:\/\/www.europesays.com\/pt\/wp-json\/wp\/v2\/tags?post=143425"}],"curies":[{"name":"wp","href":"https:\/\/api.w.org\/{rel}","templated":true}]}}