{"id":143434,"date":"2025-11-07T21:35:11","date_gmt":"2025-11-07T21:35:11","guid":{"rendered":"https:\/\/www.europesays.com\/pt\/143434\/"},"modified":"2025-11-07T21:35:11","modified_gmt":"2025-11-07T21:35:11","slug":"mudancas-e-provocacoes-ines-troca-de-grupo-e-leandro-nao-perdoa","status":"publish","type":"post","link":"https:\/\/www.europesays.com\/pt\/143434\/","title":{"rendered":"Mudan\u00e7as e provoca\u00e7\u00f5es: In\u00eas troca de grupo e Leandro n\u00e3o perdoa"},"content":{"rendered":"<p>No Secret Story 9, In\u00eas foi a escolhida para cumprir a consequ\u00eancia da \u00faltima gala e teve de trocar de grupo, algo que rapidamente gerou provoca\u00e7\u00f5es por parte de Leandro. No confession\u00e1rio, o concorrente confessou que a colega \u201cn\u00e3o traz nada\u201d \u00e0 nova equipa. J\u00e1 no exterior, Dylan comentou com Marisa Susana que ela continua presa a Bruno e previu que ser\u00e1 a pr\u00f3xima a abandonar o grupo. Mais tarde, a Voz anunciou o fim da consequ\u00eancia que ligava Marisa Susana e Bruno, e ambos celebraram o momento com um aperto de m\u00e3o e um abra\u00e7o, aliviando a tens\u00e3o entre eles.<\/p>\n","protected":false},"excerpt":{"rendered":"No Secret Story 9, In\u00eas foi a escolhida para cumprir a consequ\u00eancia da \u00faltima gala e teve de&hellip;\n","protected":false},"author":2,"featured_media":143435,"comment_status":"","ping_status":"","sticky":false,"template":"","format":"standard","meta":{"footnotes":""},"categories":[142],"tags":[114,115,15353,12397,32,33,151],"class_list":{"0":"post-143434","1":"post","2":"type-post","3":"status-publish","4":"format-standard","5":"has-post-thumbnail","7":"category-tv","8":"tag-entertainment","9":"tag-entretenimento","10":"tag-ines","11":"tag-leandro","12":"tag-portugal","13":"tag-pt","14":"tag-tv"},"share_on_mastodon":{"url":"https:\/\/pubeurope.com\/@pt\/115510570358230946","error":""},"_links":{"self":[{"href":"https:\/\/www.europesays.com\/pt\/wp-json\/wp\/v2\/posts\/143434","targetHints":{"allow":["GET"]}}],"collection":[{"href":"https:\/\/www.europesays.com\/pt\/wp-json\/wp\/v2\/posts"}],"about":[{"href":"https:\/\/www.europesays.com\/pt\/wp-json\/wp\/v2\/types\/post"}],"author":[{"embeddable":true,"href":"https:\/\/www.europesays.com\/pt\/wp-json\/wp\/v2\/users\/2"}],"replies":[{"embeddable":true,"href":"https:\/\/www.europesays.com\/pt\/wp-json\/wp\/v2\/comments?post=143434"}],"version-history":[{"count":0,"href":"https:\/\/www.europesays.com\/pt\/wp-json\/wp\/v2\/posts\/143434\/revisions"}],"wp:featuredmedia":[{"embeddable":true,"href":"https:\/\/www.europesays.com\/pt\/wp-json\/wp\/v2\/media\/143435"}],"wp:attachment":[{"href":"https:\/\/www.europesays.com\/pt\/wp-json\/wp\/v2\/media?parent=143434"}],"wp:term":[{"taxonomy":"category","embeddable":true,"href":"https:\/\/www.europesays.com\/pt\/wp-json\/wp\/v2\/categories?post=143434"},{"taxonomy":"post_tag","embeddable":true,"href":"https:\/\/www.europesays.com\/pt\/wp-json\/wp\/v2\/tags?post=143434"}],"curies":[{"name":"wp","href":"https:\/\/api.w.org\/{rel}","templated":true}]}}