{"id":143439,"date":"2025-11-07T21:40:13","date_gmt":"2025-11-07T21:40:13","guid":{"rendered":"https:\/\/www.europesays.com\/pt\/143439\/"},"modified":"2025-11-07T21:40:13","modified_gmt":"2025-11-07T21:40:13","slug":"castramovel-comeca-a-atender-regiao-da-nob-na-proxima-terca-feira-11-prefeitura-tres-lagoas","status":"publish","type":"post","link":"https:\/\/www.europesays.com\/pt\/143439\/","title":{"rendered":"Castram\u00f3vel come\u00e7a a atender regi\u00e3o da NOB na pr\u00f3xima ter\u00e7a-feira (11) \u2013 Prefeitura Tr\u00eas Lagoas"},"content":{"rendered":"<p>    <a data-lightbox=\"image\" href=\"https:\/\/www.treslagoas.ms.gov.br\/wp-content\/uploads\/2023\/07\/Castramovel-NOB-9-scaled.jpg\" class=\"hoverBorder pull-left kl-blog-post-img kl-blog-post--default-view\" rel=\"nofollow noopener\" target=\"_blank\"><img loading=\"lazy\" decoding=\"async\" src=\"https:\/\/www.europesays.com\/pt\/wp-content\/uploads\/2025\/11\/Castramovel-NOB-9-scaled-420x280_c.jpg\" width=\"420\" height=\"280\" alt=\"\" title=\"Castramovel-NOB-9\"\/><\/a>    <\/p>\n<p>A partir da pr\u00f3xima ter\u00e7a-feira, dia 11 de novembro, o trailer itinerante do Castram\u00f3vel inicia sua 74\u00aa etapa de atendimentos, desta vez na regi\u00e3o da NOB.<br \/>A a\u00e7\u00e3o \u00e9 promovida pela Prefeitura de Tr\u00eas Lagoas, por meio do Centro de Controle de Zoonoses (CCZ) da Secretaria Municipal de Sa\u00fade (SMS), e oferecer\u00e1 diversos servi\u00e7os gratuitos voltados \u00e0 sa\u00fade e ao bem-estar de c\u00e3es e gatos da regi\u00e3o.<\/p>\n<p>O servi\u00e7o de castra\u00e7\u00e3o ser\u00e1 destinado exclusivamente aos moradores do Centro e aos mun\u00edcipes residentes nos bairros Jardim Noroeste, Jardim das Oliveiras, Jardim Roriz, Interlagos e Lapa.<br \/>O agendamento ser\u00e1 realizado presencialmente, a partir das 7h da manh\u00e3, no pr\u00f3prio dia 11 de novembro, sendo obrigat\u00f3ria a apresenta\u00e7\u00e3o de comprovante de resid\u00eancia para garantir o atendimento.<\/p>\n<p>Al\u00e9m da castra\u00e7\u00e3o, a estrutura do Castram\u00f3vel oferecer\u00e1 diversos servi\u00e7os essenciais \u00e0 popula\u00e7\u00e3o, com foco na promo\u00e7\u00e3o da sa\u00fade animal e na conscientiza\u00e7\u00e3o sobre a posse respons\u00e1vel.<\/p>\n<p>SERVI\u00c7OS DISPON\u00cdVEIS<\/p>\n<ul class=\"wp-block-list\">\n<li>Vacina\u00e7\u00e3o antirr\u00e1bica<\/li>\n<li>Administra\u00e7\u00e3o de verm\u00edfugos<\/li>\n<li>Orienta\u00e7\u00f5es sobre posse respons\u00e1vel<\/li>\n<li>Informa\u00e7\u00f5es sobre preven\u00e7\u00e3o de acidentes com animais pe\u00e7onhentos<\/li>\n<li>Profilaxia da leishmaniose<\/li>\n<li>Identifica\u00e7\u00e3o por microchip<\/li>\n<\/ul>\n<p>A nova etapa d\u00e1 sequ\u00eancia ao trabalho cont\u00ednuo da SMS, que encerra na segunda-feira, 10 de novembro, a 73\u00aa etapa, realizada no Santa Rita.<\/p>\n<p>SERVI\u00c7O<\/p>\n<p>Per\u00edodo: 11 de novembro a 19 de dezembro<br \/>Local: NOB<br \/>Endere\u00e7o: Rua Esplanada, s\/n \u2013 Bairro Centro \u2013 Tr\u00eas Lagoas \u2013 MS<br \/>Hor\u00e1rio: Das 7h \u00e0s 17h (exceto finais de semana e feriados)<br \/>Informa\u00e7\u00f5es ou d\u00favidas: (67) 99251-1668 (somente liga\u00e7\u00e3o \u2013 n\u00e3o recebe WhatsApp)<\/p>\n<p>                    <a href=\"#\" rel=\"nofollow\" onclick=\"window.print(); return false;\" title=\"Printer Friendly, PDF &amp; Email\"><br \/>\n                    <img decoding=\"async\" src=\"https:\/\/www.europesays.com\/pt\/wp-content\/uploads\/2025\/10\/printfriendly-icon-lg.png\" alt=\"Print Friendly, PDF &amp; Email\" class=\"pf-button-img\" style=\"width: 25px;height: 25px;\"\/>Imprimir<br \/>\n                    <\/a><\/p>\n","protected":false},"excerpt":{"rendered":"A partir da pr\u00f3xima ter\u00e7a-feira, dia 11 de novembro, o trailer itinerante do Castram\u00f3vel inicia sua 74\u00aa etapa&hellip;\n","protected":false},"author":2,"featured_media":143440,"comment_status":"","ping_status":"","sticky":false,"template":"","format":"standard","meta":{"footnotes":""},"categories":[86],"tags":[116,32,33,117],"class_list":{"0":"post-143439","1":"post","2":"type-post","3":"status-publish","4":"format-standard","5":"has-post-thumbnail","7":"category-saude","8":"tag-health","9":"tag-portugal","10":"tag-pt","11":"tag-saude"},"share_on_mastodon":{"url":"https:\/\/pubeurope.com\/@pt\/115510590097368921","error":""},"_links":{"self":[{"href":"https:\/\/www.europesays.com\/pt\/wp-json\/wp\/v2\/posts\/143439","targetHints":{"allow":["GET"]}}],"collection":[{"href":"https:\/\/www.europesays.com\/pt\/wp-json\/wp\/v2\/posts"}],"about":[{"href":"https:\/\/www.europesays.com\/pt\/wp-json\/wp\/v2\/types\/post"}],"author":[{"embeddable":true,"href":"https:\/\/www.europesays.com\/pt\/wp-json\/wp\/v2\/users\/2"}],"replies":[{"embeddable":true,"href":"https:\/\/www.europesays.com\/pt\/wp-json\/wp\/v2\/comments?post=143439"}],"version-history":[{"count":0,"href":"https:\/\/www.europesays.com\/pt\/wp-json\/wp\/v2\/posts\/143439\/revisions"}],"wp:featuredmedia":[{"embeddable":true,"href":"https:\/\/www.europesays.com\/pt\/wp-json\/wp\/v2\/media\/143440"}],"wp:attachment":[{"href":"https:\/\/www.europesays.com\/pt\/wp-json\/wp\/v2\/media?parent=143439"}],"wp:term":[{"taxonomy":"category","embeddable":true,"href":"https:\/\/www.europesays.com\/pt\/wp-json\/wp\/v2\/categories?post=143439"},{"taxonomy":"post_tag","embeddable":true,"href":"https:\/\/www.europesays.com\/pt\/wp-json\/wp\/v2\/tags?post=143439"}],"curies":[{"name":"wp","href":"https:\/\/api.w.org\/{rel}","templated":true}]}}