{"id":143443,"date":"2025-11-07T21:44:31","date_gmt":"2025-11-07T21:44:31","guid":{"rendered":"https:\/\/www.europesays.com\/pt\/143443\/"},"modified":"2025-11-07T21:44:31","modified_gmt":"2025-11-07T21:44:31","slug":"descoberta-a-maior-teia-de-aranha-do-mundo-na-caverna-de-enxofre-podia-apanhar-uma-baleia","status":"publish","type":"post","link":"https:\/\/www.europesays.com\/pt\/143443\/","title":{"rendered":"Descoberta a maior teia de aranha do mundo na &#8220;Caverna de Enxofre&#8221;. Podia apanhar uma baleia"},"content":{"rendered":"<p class=\"wp-caption-text top\">Urak et al. 2025, Subterranean Biology<\/p>\n<p><img decoding=\"async\" loading=\"lazy\" class=\"wp-image-709933 size-kopa-image-size-3\" src=\"https:\/\/www.europesays.com\/pt\/wp-content\/uploads\/2025\/11\/2b9b0300ecf17420231e378fba16dd43-783x450.jpg\" alt=\"\" width=\"700\" height=\"402\"  \/><\/p>\n<p><strong>A teia gigante \u00e9 habitada por mais de 111 mil aranhas de duas esp\u00e9cies diferentes e tem 106 metros quadrados.<\/strong><\/p>\n<p>Numa gruta escura com cheiro a enxofre, situada na fronteira entre a Alb\u00e2nia e a Gr\u00e9cia, os cientistas descobriram aquela que poder\u00e1 ser a <strong>maior teia de aranha da Terra<\/strong>. A extensa teia de 106 metros quadrados \u00e9 habitada por mais de 111 mil aranhas, sendo tecnicamente grande o suficiente para apanhar uma baleia.<\/p>\n<p>A extraordin\u00e1ria descoberta foi detalhada num <a href=\"https:\/\/doi.org\/10.3897\/subtbiol.53.162344\" data-wpel-link=\"external\" target=\"_blank\" rel=\"nofollow external noopener noreferrer\" class=\"ext-link\">estudo<\/a> publicado no m\u00eas passado na revista Subterranean Biology e marca o primeiro registo de <strong>comportamento colonial em grande escala<\/strong> em duas esp\u00e9cies de aranhas que se pensava ser solit\u00e1rias.<\/p>\n<p>A teia foi descoberta na Gruta do Enxofre, uma gruta de teto baixo formada pela lenta corros\u00e3o da rocha pelo \u00e1cido sulf\u00farico gerado pelos gases subterr\u00e2neos. A pr\u00f3pria teia \u00e9 uma<strong> enorme manta de retalhos<\/strong> composta por milhares de teias interligadas em forma de funil, formando aquilo que o investigador principal, Istv\u00e1n Ur\u00e1k, bi\u00f3logo da Universidade H\u00fangara Sapientia da Transilv\u00e2nia, descreveu como uma \u201cmegacidade de aranhas\u201d.<\/p>\n<p>\u201cO mundo natural <strong>ainda guarda in\u00fameras surpresas<\/strong>\u201d, disse Ur\u00e1k \u00e0 <a href=\"https:\/\/www.livescience.com\/animals\/spiders\/worlds-biggest-spiderweb-discovered-inside-sulfur-cave-with-111-000-arachnids-living-in-pitch-black\" data-wpel-link=\"external\" target=\"_blank\" rel=\"nofollow external noopener noreferrer\" class=\"ext-link\">Live Science<\/a>. \u201cEstar perante uma estrutura como esta enche-nos de admira\u00e7\u00e3o, respeito e gratid\u00e3o \u2014 \u00e9 preciso experiment\u00e1-la para realmente a compreender.\u201d<\/p>\n<p>O local foi descoberto em 2022 por membros da Sociedade Espeleol\u00f3gica Checa, mas s\u00f3 em 2024 \u00e9 que Ur\u00e1k e uma equipa internacional de investigadores realizaram uma investiga\u00e7\u00e3o detalhada. Recolhendo e analisando exemplares, os cientistas identificaram<strong> duas esp\u00e9cies a viver juntas na col\u00f3nia<\/strong>: a Tegenaria domestica (a aranha-dom\u00e9stica ou aranha-de-funil) e a Prinerigone vagans. Foram contabilizadas cerca de 69 000 T. domestica e 42 000 P. vagans, coabitando em n\u00famero e com uma coopera\u00e7\u00e3o nunca antes observada nestas esp\u00e9cies.<\/p>\n<p>Normalmente, T. domestica predaria P. vagans, mas os investigadores sugerem que a escurid\u00e3o permanente da gruta pode <strong>prejudicar a vis\u00e3o e alterar o comportamento predat\u00f3rio<\/strong>. Em vez disso, ambas as esp\u00e9cies alimentam-se de mosquitos n\u00e3o picadores, que prosperam em biofilmes microbianos produzidos por bact\u00e9rias oxidantes de enxofre que vivem no riacho rico em sulfureto de hidrog\u00e9nio da gruta.<\/p>\n<p>A dieta invulgar das aranhas alterou a sua biologia. As an\u00e1lises de ADN e de microbioma revelaram que as aranhas que habitam a gruta t\u00eam <strong>bact\u00e9rias intestinais menos diversas<\/strong> e apresentam diferen\u00e7as gen\u00e9ticas em rela\u00e7\u00e3o aos seus parentes da superf\u00edcie, indicando adapta\u00e7\u00e3o ao ambiente hostil da gruta.<\/p>\n<p>\u201cEsta descoberta mostra como at\u00e9 as esp\u00e9cies familiares podem<strong> exibir uma flexibilidade not\u00e1vel<\/strong> em condi\u00e7\u00f5es extremas\u201d, disse Ur\u00e1k.<\/p>\n<p>Os cientistas real\u00e7am a import\u00e2ncia de preservar o ecossistema da Gruta do Enxofre, apesar dos desafios jurisdicionais impostos pela sua localiza\u00e7\u00e3o transfronteiri\u00e7a.<\/p>\n<p>    <a href=\"https:\/\/zap.aeiou.pt\/subscrever-newsletter\" data-wpel-link=\"internal\" rel=\"nofollow noopener\" target=\"_blank\">&#13;<br \/>\n        <img loading=\"lazy\" decoding=\"async\" class=\"aligncenter size-full wp-image-575475\" src=\"https:\/\/www.europesays.com\/pt\/wp-content\/uploads\/2025\/10\/1759862234_971_2d51fe4a0ba54894421ead1809309ed9-1-450x140.jpg\" alt=\"Subscreva a Newsletter ZAP\" width=\"450\" height=\"140\"\/>&#13;<br \/>\n    <\/a><\/p>\n<p>                <a href=\"https:\/\/whatsapp.com\/channel\/0029VaIC4EE2f3EJZPPSbR34\" data-wpel-link=\"external\" target=\"_blank\" rel=\"nofollow external noopener noreferrer\" class=\"ext-link\">&#13;<br \/>\n                    <img loading=\"lazy\" decoding=\"async\" class=\"aligncenter size-full wp-image-575475\" src=\"https:\/\/www.europesays.com\/pt\/wp-content\/uploads\/2025\/10\/1759862234_512_c68c559d956d4ca20f435ed74a6e71e6.png\" alt=\"Siga-nos no WhatsApp\" width=\"175\" height=\"64\"\/>&#13;<br \/>\n                <\/a><\/p>\n<p>                <a href=\"https:\/\/news.google.com\/publications\/CAAiEHRwZondIV71PDjWNoqMduEqFAgKIhB0cGaJ3SFe9Tw41jaKjHbh?hl=en-US&amp;gl=US&amp;ceid=US%3Aen\" data-wpel-link=\"external\" target=\"_blank\" rel=\"nofollow external noopener noreferrer\" class=\"ext-link\">&#13;<br \/>\n                    <img loading=\"lazy\" decoding=\"async\" class=\"aligncenter size-full wp-image-575475\" src=\"https:\/\/www.europesays.com\/pt\/wp-content\/uploads\/2025\/10\/1759862235_242_5123dd8b087b644fdb8f8603acd1bad4.png\" alt=\"Siga-nos no Google News\" width=\"176\" height=\"64\"\/>&#13;<br \/>\n                <\/a><\/p>\n","protected":false},"excerpt":{"rendered":"Urak et al. 2025, Subterranean Biology A teia gigante \u00e9 habitada por mais de 111 mil aranhas de&hellip;\n","protected":false},"author":2,"featured_media":143444,"comment_status":"","ping_status":"","sticky":false,"template":"","format":"standard","meta":{"footnotes":""},"categories":[50],"tags":[4614,27,28,15,16,14,25,26,21,22,62,12,13,19,20,23,24,17,18,29,30,31,63,64,65],"class_list":{"0":"post-143443","1":"post","2":"type-post","3":"status-publish","4":"format-standard","5":"has-post-thumbnail","7":"category-mundo","8":"tag-biologia","9":"tag-breaking-news","10":"tag-breakingnews","11":"tag-featured-news","12":"tag-featurednews","13":"tag-headlines","14":"tag-latest-news","15":"tag-latestnews","16":"tag-main-news","17":"tag-mainnews","18":"tag-mundo","19":"tag-news","20":"tag-noticias","21":"tag-noticias-principais","22":"tag-noticiasprincipais","23":"tag-principais-noticias","24":"tag-principaisnoticias","25":"tag-top-stories","26":"tag-topstories","27":"tag-ultimas","28":"tag-ultimas-noticias","29":"tag-ultimasnoticias","30":"tag-world","31":"tag-world-news","32":"tag-worldnews"},"share_on_mastodon":{"url":"https:\/\/pubeurope.com\/@pt\/115510605760738518","error":""},"_links":{"self":[{"href":"https:\/\/www.europesays.com\/pt\/wp-json\/wp\/v2\/posts\/143443","targetHints":{"allow":["GET"]}}],"collection":[{"href":"https:\/\/www.europesays.com\/pt\/wp-json\/wp\/v2\/posts"}],"about":[{"href":"https:\/\/www.europesays.com\/pt\/wp-json\/wp\/v2\/types\/post"}],"author":[{"embeddable":true,"href":"https:\/\/www.europesays.com\/pt\/wp-json\/wp\/v2\/users\/2"}],"replies":[{"embeddable":true,"href":"https:\/\/www.europesays.com\/pt\/wp-json\/wp\/v2\/comments?post=143443"}],"version-history":[{"count":0,"href":"https:\/\/www.europesays.com\/pt\/wp-json\/wp\/v2\/posts\/143443\/revisions"}],"wp:featuredmedia":[{"embeddable":true,"href":"https:\/\/www.europesays.com\/pt\/wp-json\/wp\/v2\/media\/143444"}],"wp:attachment":[{"href":"https:\/\/www.europesays.com\/pt\/wp-json\/wp\/v2\/media?parent=143443"}],"wp:term":[{"taxonomy":"category","embeddable":true,"href":"https:\/\/www.europesays.com\/pt\/wp-json\/wp\/v2\/categories?post=143443"},{"taxonomy":"post_tag","embeddable":true,"href":"https:\/\/www.europesays.com\/pt\/wp-json\/wp\/v2\/tags?post=143443"}],"curies":[{"name":"wp","href":"https:\/\/api.w.org\/{rel}","templated":true}]}}