{"id":143453,"date":"2025-11-07T21:51:14","date_gmt":"2025-11-07T21:51:14","guid":{"rendered":"https:\/\/www.europesays.com\/pt\/143453\/"},"modified":"2025-11-07T21:51:14","modified_gmt":"2025-11-07T21:51:14","slug":"idol-de-novo-grupo-da-sm-entertainment-quase-debutou-no-katseye-veja-quem-e","status":"publish","type":"post","link":"https:\/\/www.europesays.com\/pt\/143453\/","title":{"rendered":"Idol de novo grupo da SM Entertainment quase debutou no KATSEYE; veja quem \u00e9"},"content":{"rendered":"<p>Na \u00faltima quinta-feira, 06, a SM Entertainment divulgou as integrantes do novo grupo inteiramente japon\u00eas da empresa. Batizada como <a href=\"https:\/\/recreio.com.br\/tags\/k-pop\" target=\"_blank\" rel=\"noopener nofollow\">\u201cGPP\u201d<\/a>, elas contaram com oito integrantes e t\u00eam estreia marcada para o dia 16 de dezembro com seu primeiro single, \u201cBring it Back\u201d.<\/p>\n<blockquote class=\"twitter-tweet\">\n<p dir=\"ltr\" lang=\"pt\">\ud83d\udea8SM Entertainment ir\u00e1 lan\u00e7ar o GPP, um novo grupo feminino japon\u00eas de 8 integrantes, no dia 16 de dezembro. <a href=\"https:\/\/t.co\/k4lK43TAyJ\" rel=\"nofollow\">pic.twitter.com\/k4lK43TAyJ<\/a><\/p>\n<p>\u2014 NPOMV | Zine (@npomvtt) <a href=\"https:\/\/twitter.com\/npomvtt\/status\/1986408244512698655?ref_src=twsrc%5Etfw\" rel=\"nofollow noopener\" target=\"_blank\">November 6, 2025<\/a><\/p>\n<\/blockquote>\n<p>Formado por\u00a0<strong>Mika, Mia, Sara, Momoka, Rinka, Honoka, Luna e Anami,<\/strong> com faixa et\u00e1ria entre 20 e 23, algumas das novas cantoras da ind\u00fastria j\u00e1 faziam parte do meio ao que, por exemplo, participaram de reality show de sobreviv\u00eancia, o caso de\u00a0<strong>Rinka\u00a0<\/strong>que esteve no \u201c<a href=\"https:\/\/pt.wikipedia.org\/wiki\/Girls_Planet_999\" target=\"_blank\" rel=\"noopener nofollow\">Girls Planet 999<\/a>\u201c, ou foram trainees de empresas como SM e HYBE.\u00a0<\/p>\n<p>O que poucos sabem, \u00e9 que a integrante que fez parte dos \u201cestagi\u00e1rios\u201d da empresa atualmente administra a carreira de grupos como BTS, TXT, LE SSERAFIM, ILLIT, entre outros, quase estreou pelo KATSEYE, girlgroup que v\u00eam conquistando f\u00e3s globais e foi<a href=\"https:\/\/recreio.com.br\/noticias\/entretenimento\/grammy-2025-rose-do-blackpink-huntr-x-e-katseye-sao-indicadas-veja.phtml\" target=\"_blank\" rel=\"noopener nofollow\"> indicado para o Grammy 2025.<\/a><\/p>\n<p>\t Afinal, quem \u00e9? <\/p>\n<p>Nascida no dia 04 de novembro de 2002, a nova integrante do GPP,\u00a0<strong>Mia<\/strong>, treinou com o KATSEYE durante seu tempo como treinee na HYBE x Geffen.<\/p>\n<p>Durante a fase preliminar do reality show PopStar Academy, respons\u00e1vel por formar o girlgroup de <strong>Manon, Daniela, Sophia, Megan, <a href=\"https:\/\/www.instagram.com\/lararajj\/\" target=\"_blank\" rel=\"noopener nofollow\">Lara <\/a><\/strong>e <strong>Yoonchae,\u00a0<\/strong>o perfil no Instagram da competi\u00e7\u00e3o compartilhou algumas das competidoras que nunca tiveram tempo de tela, e a japonesa est\u00e1 inclusa na publica\u00e7\u00e3o.\u00a0<\/p>\n<blockquote class=\"instagram-media\" style=\"background: #FFF; border: 0; border-radius: 3px; box-shadow: 0 0 1px 0 rgba(0,0,0,0.5),0 1px 10px 0 rgba(0,0,0,0.15); margin: 1px; max-width: 540px; min-width: 326px; padding: 0; width: calc(100% - 2px);\" data-instgrm-captioned=\"\" data-instgrm-permalink=\"https:\/\/www.instagram.com\/p\/DMV9IAhh64Q\/?utm_source=ig_embed&amp;utm_campaign=loading\" data-instgrm-version=\"14\"><\/blockquote>\n<p><strong>Mia\u00a0<\/strong>apareceu apenas no primeiro epis\u00f3dio do programa de sobreviv\u00eancia lan\u00e7ado na <a href=\"https:\/\/www.netflix.com\/br-en\/title\/81587828\" target=\"_blank\" rel=\"noopener nofollow\">Netflix.<\/a><\/p>\n<p>\u00a0<\/p>\n<blockquote class=\"twitter-tweet\">\n<p dir=\"ltr\" lang=\"en\">This is supposedly Mia from dream academy. She\u2019s one of the three contestants who got NO screen time AT ALL. <a href=\"https:\/\/t.co\/UQop3p9P8j\" rel=\"nofollow\">https:\/\/t.co\/UQop3p9P8j<\/a> <a href=\"https:\/\/t.co\/8xjm4pZ1RL\" rel=\"nofollow\">pic.twitter.com\/8xjm4pZ1RL<\/a><\/p>\n<p>\u2014 S2 North\u2019s a rich man \ud83c\udfb8 (@Aespecially_ae) <a href=\"https:\/\/twitter.com\/Aespecially_ae\/status\/1986439147511235053?ref_src=twsrc%5Etfw\" rel=\"nofollow noopener\" target=\"_blank\">November 6, 2025<\/a><\/p>\n<\/blockquote>\n<p>Filha de pai brit\u00e2nico e m\u00e3e japonesa, a cantora assumir\u00e1 a posi\u00e7\u00e3o de uma das vocalistas principais do GPP.<\/p>\n<p>\t                                            <script async src=\"https:\/\/platform.twitter.com\/widgets.js\" charset=\"utf-8\"><\/script><script async src=\"\/\/www.instagram.com\/embed.js\"><\/script><\/p>\n","protected":false},"excerpt":{"rendered":"Na \u00faltima quinta-feira, 06, a SM Entertainment divulgou as integrantes do novo grupo inteiramente japon\u00eas da empresa. Batizada&hellip;\n","protected":false},"author":2,"featured_media":143454,"comment_status":"","ping_status":"","sticky":false,"template":"","format":"standard","meta":{"footnotes":""},"categories":[141],"tags":[114,115,11321,2345,1688,8005,149,150,32,33,8244,29873],"class_list":{"0":"post-143453","1":"post","2":"type-post","3":"status-publish","4":"format-standard","5":"has-post-thumbnail","7":"category-musica","8":"tag-entertainment","9":"tag-entretenimento","10":"tag-gpp","11":"tag-hybe","12":"tag-k-pop","13":"tag-katseye","14":"tag-music","15":"tag-musica","16":"tag-portugal","17":"tag-pt","18":"tag-reality","19":"tag-sm-entertainment"},"share_on_mastodon":{"url":"https:\/\/pubeurope.com\/@pt\/115510632996472084","error":""},"_links":{"self":[{"href":"https:\/\/www.europesays.com\/pt\/wp-json\/wp\/v2\/posts\/143453","targetHints":{"allow":["GET"]}}],"collection":[{"href":"https:\/\/www.europesays.com\/pt\/wp-json\/wp\/v2\/posts"}],"about":[{"href":"https:\/\/www.europesays.com\/pt\/wp-json\/wp\/v2\/types\/post"}],"author":[{"embeddable":true,"href":"https:\/\/www.europesays.com\/pt\/wp-json\/wp\/v2\/users\/2"}],"replies":[{"embeddable":true,"href":"https:\/\/www.europesays.com\/pt\/wp-json\/wp\/v2\/comments?post=143453"}],"version-history":[{"count":0,"href":"https:\/\/www.europesays.com\/pt\/wp-json\/wp\/v2\/posts\/143453\/revisions"}],"wp:featuredmedia":[{"embeddable":true,"href":"https:\/\/www.europesays.com\/pt\/wp-json\/wp\/v2\/media\/143454"}],"wp:attachment":[{"href":"https:\/\/www.europesays.com\/pt\/wp-json\/wp\/v2\/media?parent=143453"}],"wp:term":[{"taxonomy":"category","embeddable":true,"href":"https:\/\/www.europesays.com\/pt\/wp-json\/wp\/v2\/categories?post=143453"},{"taxonomy":"post_tag","embeddable":true,"href":"https:\/\/www.europesays.com\/pt\/wp-json\/wp\/v2\/tags?post=143453"}],"curies":[{"name":"wp","href":"https:\/\/api.w.org\/{rel}","templated":true}]}}