{"id":143455,"date":"2025-11-07T21:53:14","date_gmt":"2025-11-07T21:53:14","guid":{"rendered":"https:\/\/www.europesays.com\/pt\/143455\/"},"modified":"2025-11-07T21:53:14","modified_gmt":"2025-11-07T21:53:14","slug":"policia-retem-dezenas-de-adeptos-portistas-antes-do-jogo-com-o-utrecht","status":"publish","type":"post","link":"https:\/\/www.europesays.com\/pt\/143455\/","title":{"rendered":"Pol\u00edcia ret\u00e9m dezenas de adeptos portistas antes do jogo com o Utrecht"},"content":{"rendered":"<p data-remotead-prev-elm=\"true\" data-remotead-elm-id=\"inread\">A interven\u00e7\u00e3o policial aconteceu j\u00e1 na zona do est\u00e1dio do Utrecht e ter\u00e1 sido motivada na sequ\u00eancia de um vidro partido no autocarro, disponibilizado para transporte dos adeptos portistas desde o centro da cidade at\u00e9 ao recinto. Os adeptos portistas foram impedidos de abandonar o ve\u00edculo, que acabaria por ser encaminhado para uma esquadra.<\/p>\n<p>Os adeptos portugueses, que eram acompanhados por elementos &#8211; &#8220;spotters&#8221; &#8211; das autoridades nacionais, encontravam-se ainda retidos pela pol\u00edcia neerlandesa quando o encontro terminou (1-1). S\u00f3 mais tarde, ao in\u00edcio da noite, viriam a ser autorizados a deixar as instala\u00e7\u00f5es da policia.<\/p>\n<blockquote data-type=\"articles\" data-id=\"related-article-18017011\"><p>\n              <strong>Leia tamb\u00e9m <\/strong><br \/>\n              <a href=\"https:\/\/www.jn.pt\/desporto\/artigo\/f-c-porto-nao-vai-alem-de-um-empate-em-utrecht\/18017011\" rel=\"nofollow noopener\" target=\"_blank\">F. C. Porto n\u00e3o vai al\u00e9m de um empate em Utrecht<\/a>\n            <\/p><\/blockquote>\n","protected":false},"excerpt":{"rendered":"A interven\u00e7\u00e3o policial aconteceu j\u00e1 na zona do est\u00e1dio do Utrecht e ter\u00e1 sido motivada na sequ\u00eancia de&hellip;\n","protected":false},"author":2,"featured_media":143456,"comment_status":"","ping_status":"","sticky":false,"template":"","format":"standard","meta":{"footnotes":""},"categories":[87],"tags":[135,20558,137,32,33,134,12641],"class_list":{"0":"post-143455","1":"post","2":"type-post","3":"status-publish","4":"format-standard","5":"has-post-thumbnail","7":"category-desporto","8":"tag-desporto","9":"tag-f-c-porto","10":"tag-liga-europa","11":"tag-portugal","12":"tag-pt","13":"tag-sports","14":"tag-utrecht"},"share_on_mastodon":{"url":"https:\/\/pubeurope.com\/@pt\/115510641144172766","error":""},"_links":{"self":[{"href":"https:\/\/www.europesays.com\/pt\/wp-json\/wp\/v2\/posts\/143455","targetHints":{"allow":["GET"]}}],"collection":[{"href":"https:\/\/www.europesays.com\/pt\/wp-json\/wp\/v2\/posts"}],"about":[{"href":"https:\/\/www.europesays.com\/pt\/wp-json\/wp\/v2\/types\/post"}],"author":[{"embeddable":true,"href":"https:\/\/www.europesays.com\/pt\/wp-json\/wp\/v2\/users\/2"}],"replies":[{"embeddable":true,"href":"https:\/\/www.europesays.com\/pt\/wp-json\/wp\/v2\/comments?post=143455"}],"version-history":[{"count":0,"href":"https:\/\/www.europesays.com\/pt\/wp-json\/wp\/v2\/posts\/143455\/revisions"}],"wp:featuredmedia":[{"embeddable":true,"href":"https:\/\/www.europesays.com\/pt\/wp-json\/wp\/v2\/media\/143456"}],"wp:attachment":[{"href":"https:\/\/www.europesays.com\/pt\/wp-json\/wp\/v2\/media?parent=143455"}],"wp:term":[{"taxonomy":"category","embeddable":true,"href":"https:\/\/www.europesays.com\/pt\/wp-json\/wp\/v2\/categories?post=143455"},{"taxonomy":"post_tag","embeddable":true,"href":"https:\/\/www.europesays.com\/pt\/wp-json\/wp\/v2\/tags?post=143455"}],"curies":[{"name":"wp","href":"https:\/\/api.w.org\/{rel}","templated":true}]}}