{"id":143461,"date":"2025-11-07T21:56:07","date_gmt":"2025-11-07T21:56:07","guid":{"rendered":"https:\/\/www.europesays.com\/pt\/143461\/"},"modified":"2025-11-07T21:56:07","modified_gmt":"2025-11-07T21:56:07","slug":"morreu-aos-97-anos-james-watson-nobel-da-medicina-e-pioneiro-do-estudo-do-adn","status":"publish","type":"post","link":"https:\/\/www.europesays.com\/pt\/143461\/","title":{"rendered":"Morreu, aos 97 anos, James Watson, Nobel da Medicina e pioneiro do estudo do ADN"},"content":{"rendered":"<p>Morreu, aos 97 anos, James Watson, pr\u00e9mio Nobel da Medicina em 1962 e um dos respons\u00e1veis por decifrar a estrutura da mol\u00e9cula de ADN.<\/p>\n<p>Foi precisamente essa descoberta cient\u00edfica que lhe valeu o Nobel, tendo-o recebido em conjunto com Francis Crick e Maurice Wilkins. Posteriormente, tornou-se uma figura central no Projeto Genoma Humano, um trabalho cient\u00edfico internacional com o objetivo de mapear todo o c\u00f3digo gen\u00e9tico humano.<\/p>\n<p>A not\u00edcia da morte foi dada pelo filho ao New York Times.<\/p>\n","protected":false},"excerpt":{"rendered":"Morreu, aos 97 anos, James Watson, pr\u00e9mio Nobel da Medicina em 1962 e um dos respons\u00e1veis por decifrar&hellip;\n","protected":false},"author":2,"featured_media":143462,"comment_status":"","ping_status":"","sticky":false,"template":"","format":"standard","meta":{"footnotes":""},"categories":[84],"tags":[2216,109,107,108,31638,2409,32,33,105,103,104,106,110],"class_list":{"0":"post-143461","1":"post","2":"type-post","3":"status-publish","4":"format-standard","5":"has-post-thumbnail","7":"category-ciencia-e-tecnologia","8":"tag-adn","9":"tag-ciencia","10":"tag-ciencia-e-tecnologia","11":"tag-cienciaetecnologia","12":"tag-james-watson","13":"tag-obito","14":"tag-portugal","15":"tag-pt","16":"tag-science","17":"tag-science-and-technology","18":"tag-scienceandtechnology","19":"tag-technology","20":"tag-tecnologia"},"share_on_mastodon":{"url":"https:\/\/pubeurope.com\/@pt\/115510652657937786","error":""},"_links":{"self":[{"href":"https:\/\/www.europesays.com\/pt\/wp-json\/wp\/v2\/posts\/143461","targetHints":{"allow":["GET"]}}],"collection":[{"href":"https:\/\/www.europesays.com\/pt\/wp-json\/wp\/v2\/posts"}],"about":[{"href":"https:\/\/www.europesays.com\/pt\/wp-json\/wp\/v2\/types\/post"}],"author":[{"embeddable":true,"href":"https:\/\/www.europesays.com\/pt\/wp-json\/wp\/v2\/users\/2"}],"replies":[{"embeddable":true,"href":"https:\/\/www.europesays.com\/pt\/wp-json\/wp\/v2\/comments?post=143461"}],"version-history":[{"count":0,"href":"https:\/\/www.europesays.com\/pt\/wp-json\/wp\/v2\/posts\/143461\/revisions"}],"wp:featuredmedia":[{"embeddable":true,"href":"https:\/\/www.europesays.com\/pt\/wp-json\/wp\/v2\/media\/143462"}],"wp:attachment":[{"href":"https:\/\/www.europesays.com\/pt\/wp-json\/wp\/v2\/media?parent=143461"}],"wp:term":[{"taxonomy":"category","embeddable":true,"href":"https:\/\/www.europesays.com\/pt\/wp-json\/wp\/v2\/categories?post=143461"},{"taxonomy":"post_tag","embeddable":true,"href":"https:\/\/www.europesays.com\/pt\/wp-json\/wp\/v2\/tags?post=143461"}],"curies":[{"name":"wp","href":"https:\/\/api.w.org\/{rel}","templated":true}]}}