{"id":143471,"date":"2025-11-07T22:05:10","date_gmt":"2025-11-07T22:05:10","guid":{"rendered":"https:\/\/www.europesays.com\/pt\/143471\/"},"modified":"2025-11-07T22:05:10","modified_gmt":"2025-11-07T22:05:10","slug":"tres-gracas-samira-salva-joelly-de-bullying-na-escola-07-11-2025-outro-canal","status":"publish","type":"post","link":"https:\/\/www.europesays.com\/pt\/143471\/","title":{"rendered":"Tr\u00eas Gra\u00e7as: Samira salva Jo\u00e9lly de bullying na escola &#8211; 07\/11\/2025 &#8211; Outro Canal"},"content":{"rendered":"<p>\n<strong class=\"c-signature__location\">Aracaju <\/strong>\n<\/p>\n<p>Em &#8220;<a href=\"https:\/\/www1.folha.uol.com.br\/folha-topicos\/tres-gracas\/\" rel=\"nofollow noopener\" target=\"_blank\">Tr\u00eas Gra\u00e7as<\/a>&#8220;, <a href=\"https:\/\/www1.folha.uol.com.br\/folha-topicos\/novela\/\" rel=\"nofollow noopener\" target=\"_blank\">novela<\/a> das nove da <a href=\"https:\/\/www1.folha.uol.com.br\/folha-topicos\/globo\/\" rel=\"nofollow noopener\" target=\"_blank\">Globo<\/a>, Samira (Fernanda Vasconcellos) vai salvar Jo\u00e9lly (Allana Cabral) de um bullying escolar. Seus colegas de col\u00e9gio v\u00e3o descobrir que ela est\u00e1 gravida com apenas 15 anos.<\/p>\n<p>  <a href=\"https:\/\/f5.folha.uol.com.br\/colunistas\/outro-canal\/\" rel=\"nofollow noopener\" target=\"_blank\"><br \/>\n    <img decoding=\"async\" src=\"https:\/\/www.europesays.com\/pt\/wp-content\/uploads\/2025\/10\/172599691166e09f6f54fe2_1725996911_1x1_xs.jpg\" alt=\"Foto de Outro Canal\" class=\"img-responsive c-lazyload\"\/><\/p>\n<p>  <\/a><\/p>\n<p class=\"author__description\">\n    Cobre diariamente os bastidores das novelas, do telejornalismo e da m\u00eddia esportiva. Tem como titular o jornalista Gabriel Vaquer\n  <\/p>\n","protected":false},"excerpt":{"rendered":"Aracaju Em &#8220;Tr\u00eas Gra\u00e7as&#8220;, novela das nove da Globo, Samira (Fernanda Vasconcellos) vai salvar Jo\u00e9lly (Allana Cabral) de&hellip;\n","protected":false},"author":2,"featured_media":143472,"comment_status":"","ping_status":"","sticky":false,"template":"","format":"standard","meta":{"footnotes":""},"categories":[142],"tags":[219,935,211,223,114,115,224,225,4389,226,753,221,220,222,2931,32,33,2566,218,15806,228,151,227],"class_list":{"0":"post-143471","1":"post","2":"type-post","3":"status-publish","4":"format-standard","5":"has-post-thumbnail","7":"category-tv","8":"tag-bichos","9":"tag-canais-de-tv","10":"tag-celebridades","11":"tag-colunistas","12":"tag-entertainment","13":"tag-entretenimento","14":"tag-estranho","15":"tag-eu-amo","16":"tag-fernanda-vasconcellos","17":"tag-fofices","18":"tag-globo","19":"tag-horoscopo","20":"tag-humanos","21":"tag-humor","22":"tag-novela","23":"tag-portugal","24":"tag-pt","25":"tag-televiso","26":"tag-televisao","27":"tag-trs-graas","28":"tag-tudo","29":"tag-tv","30":"tag-videos"},"share_on_mastodon":{"url":"https:\/\/pubeurope.com\/@pt\/115510688314628973","error":""},"_links":{"self":[{"href":"https:\/\/www.europesays.com\/pt\/wp-json\/wp\/v2\/posts\/143471","targetHints":{"allow":["GET"]}}],"collection":[{"href":"https:\/\/www.europesays.com\/pt\/wp-json\/wp\/v2\/posts"}],"about":[{"href":"https:\/\/www.europesays.com\/pt\/wp-json\/wp\/v2\/types\/post"}],"author":[{"embeddable":true,"href":"https:\/\/www.europesays.com\/pt\/wp-json\/wp\/v2\/users\/2"}],"replies":[{"embeddable":true,"href":"https:\/\/www.europesays.com\/pt\/wp-json\/wp\/v2\/comments?post=143471"}],"version-history":[{"count":0,"href":"https:\/\/www.europesays.com\/pt\/wp-json\/wp\/v2\/posts\/143471\/revisions"}],"wp:featuredmedia":[{"embeddable":true,"href":"https:\/\/www.europesays.com\/pt\/wp-json\/wp\/v2\/media\/143472"}],"wp:attachment":[{"href":"https:\/\/www.europesays.com\/pt\/wp-json\/wp\/v2\/media?parent=143471"}],"wp:term":[{"taxonomy":"category","embeddable":true,"href":"https:\/\/www.europesays.com\/pt\/wp-json\/wp\/v2\/categories?post=143471"},{"taxonomy":"post_tag","embeddable":true,"href":"https:\/\/www.europesays.com\/pt\/wp-json\/wp\/v2\/tags?post=143471"}],"curies":[{"name":"wp","href":"https:\/\/api.w.org\/{rel}","templated":true}]}}