{"id":143491,"date":"2025-11-07T22:21:14","date_gmt":"2025-11-07T22:21:14","guid":{"rendered":"https:\/\/www.europesays.com\/pt\/143491\/"},"modified":"2025-11-07T22:21:14","modified_gmt":"2025-11-07T22:21:14","slug":"o-cafe-da-manha-da-rfm-percorreu-os-cafes-de-portugal-descobre-onde-aqui","status":"publish","type":"post","link":"https:\/\/www.europesays.com\/pt\/143491\/","title":{"rendered":"O Caf\u00e9 da Manh\u00e3 da RFM percorreu os caf\u00e9s de Portugal. Descobre onde aqui!"},"content":{"rendered":"<p>O Caf\u00e9 da Manh\u00e3 da RFM deixou o est\u00fadio e percorreu os caf\u00e9s de Portugal, de Norte a Sul, numa iniciativa que teve como objetivo aproximar ainda mais a r\u00e1dio de ti, que nos ouves todos os dias.\n<\/p>\n<p>A iniciativa <strong>&#8220;Pelos Caf\u00e9s de Portugal&#8221;<\/strong> come\u00e7ou no dia 27 de outubro, no Porto, e terminou em Lisboa, a 7 de novembro. Muitos ouvintes e convidados especiais juntaram-se ao Caf\u00e9 da Manh\u00e3 da RFM para rir com a equipa e, claro, tomar o pequeno-almo\u00e7o com o Pedro Fernandes, a Mariana Alvim, o Lu\u00eds Pinheiro e a Pipoca Mais Doce.\n<\/p>\n<p><strong\/><\/p>\n<p><strong>Pelos Caf\u00e9s de Portugal <\/strong>tem o apoio do <strong> Continente<\/strong>: H\u00e1 40 anos \u00e0 mesa de todos. Continente &#8211; \u00c9 de toda a gente <strong>e da Compal<\/strong>:  Seja com o que for, \u00e9 um Compal se faz favor.\n<\/p>\n<p><strong>Eis as imagens de duas semanas incr\u00edveis:<\/strong><\/p>\n<p><strong>7 de novembro &#8211; Lisboa, Careca<\/strong><\/p>\n<p><strong>6 de novembro &#8211; \u00c9vora, Caf\u00e9 Arcada<\/strong><\/p>\n<p>O Caf\u00e9 Arcada, em \u00c9vora, recebeu de bra\u00e7os abertos o Caf\u00e9 da Manh\u00e3 da RFM!\n<\/p>\n<p>O Lu\u00eds Pinheiro passou pela padaria do caf\u00e9 e at\u00e9 ajudou na confe\u00e7\u00e3o do bolo de mel e noz.\n<\/p>\n<p>E, claro, n\u00e3o podia faltar a visita do Buba Espinho, que cantou &#8220;Ao Teu Ouvido&#8221; e &#8220;Tu na Tua&#8221;.\n<\/p>\n<p><strong>5 de novembro &#8211; Set\u00fabal, Docinho de Mel<\/strong><\/p>\n<p>No Docinho de Mel, em Set\u00fabal, o Caf\u00e9 da Manh\u00e3 da RFM soube ainda melhor!\n<\/p>\n<p>Doces regionais? Experiment\u00e1mos! Doces de Natal? Tamb\u00e9m!\n<\/p>\n<p>A cereja no topo do bolo foi a atua\u00e7\u00e3o do Syro, que cantou &#8220;Castelo de Cartas&#8221; e &#8220;Perto de mim&#8221;.\n<\/p>\n<p><strong>4 de novembro &#8211; Leiria, Brisanorte<\/strong><\/p>\n<p>O Brisanorte recebeu o Caf\u00e9 da Manh\u00e3 da RFM esta ter\u00e7a-feira. Como j\u00e1 \u00e9 habitual, n\u00e3o podia faltar uma prova dos doces do caf\u00e9. O Lu\u00eds reencontrou os doces preferidos da sua inf\u00e2ncia, as florestas, e ainda experimentaram a flor de castanha e as brisas do Lis.\n<\/p>\n<p>A ouvinte Rosa ficou surpreendida com a beleza e simpatia dos nossos locutores ao vivo. Para terminar em grande, o David Fonseca cantou &#8220;Borrow&#8221; e &#8220;Oh My Heart&#8221;.\n<\/p>\n<p><strong>3 de novembro &#8211; Cascais, Sacolinha de Cascais<\/strong><\/p>\n<p>Esta segunda-feira, a Sacolinha em Cascais teve um Caf\u00e9 da Manh\u00e3 especial!\n<\/p>\n<p>A nossa ouvinte Ana trouxe-nos um belo pequeno-almo\u00e7o e ainda tivemos tempo de criar uma m\u00fasica brasileira com recurso a intelig\u00eancia artificial sobre a Sacolinha!\n<\/p>\n<p>A Nena levou os &#8220;Croquetes&#8221; e a Joana Almeirante juntou-se a ela para cantarem &#8220;Mulher dos teus sonhos&#8221;.\n<\/p>\n<p><strong>31 de outubro &#8211; Coimbra, Caf\u00e9 Santa Cruz<\/strong><\/p>\n<p>O Caf\u00e9 da Manh\u00e3 da RFM teve um sabor especial no Caf\u00e9 Santa Cruz, em Coimbra, um espa\u00e7o com centenas de anos de hist\u00f3ria. N\u00e3o podia faltar a equipa experimentar o cr\u00fazio, o doce exclusivo da casa.\n<\/p>\n<p>E, claro, a visita a Coimbra n\u00e3o ficaria completa sem os Quatro e Meia, que cantaram &#8220;Meu amor dorme bem&#8221; e &#8220;Terraplanismo&#8221;.\n<\/p>\n<p><strong>30 de outubro &#8211; Viseu, Pastelaria Capuchinha do Rossio<\/strong><\/p>\n<p>O Caf\u00e9 da Manh\u00e3 da RFM aconteceu, na quinta-feira, na Pastelaria Capuchinha do Rossio, em Viseu, a cidade onde o Pedro Fernandes foi presenteado com uma t-shirt do Acad\u00e9mico de Viseu.\n<\/p>\n<p>Claro que n\u00e3o podia faltar uma visita \u00e0 montra dos bolos desta pastelaria, onde se destacam o viriato e a castanha de ovos.\n<\/p>\n<p>Os nossos ouvintes de Viseu n\u00e3o desiludiram e tiveram direito a muitos beijinhos, abra\u00e7os e fotografias!\n<\/p>\n<p>O menino Lu\u00eds ainda saiu \u00e0 rua para perceber porque \u00e9 que as pessoas do Norte insultam t\u00e3o bem!\n<\/p>\n<p><strong><br \/>\n<strong>29 de outubro &#8211; Guimar\u00e3es, Pastelaria Supremo Gosto<\/strong><\/strong><\/p>\n<p>Na quarta-feira, 29 de outubro, o Caf\u00e9 da Manh\u00e3 da RFM foi na Pastelaria Supremo Gosto, em Guimar\u00e3es.\n<\/p>\n<p>Foi uma manh\u00e3 preenchida: o Lu\u00eds aprendeu a registar pedidos na caixa da pastelaria, conhecemos os nossos ouvintes de Guimar\u00e3es e ainda tivemos tempo para experimentar a famosa Torta de Guimar\u00e3es, tamb\u00e9m conhecida como pastel de Santa Clara.\n<\/p>\n<p>O Noble cantou &#8220;Call You Again&#8221; e &#8220;Give Me All&#8221;.\n<\/p>\n<p><strong>28 de outubro &#8211; Braga, Caf\u00e9 A Brasileira<\/strong><\/p>\n<p>Na ter\u00e7a-feira, o Caf\u00e9 da Manh\u00e3 da RFM foi no Caf\u00e9 A Brasileira, em Braga, onde, na noite anterior, os nossos locutores encontraram o Presidente Marcelo!\n<\/p>\n<p>O Pedro, a Mariana e o Lu\u00eds ficaram encantados com a variedade de bolos t\u00edpicos de Braga que viram na montra e, claro, tiveram de experimentar uma t\u00edbia.\n<\/p>\n<p>Descobriram que, na abertura do caf\u00e9, em 1907, era obrigat\u00f3rio usar gravata e que, ainda hoje, os empregados mant\u00eam essa tradi\u00e7\u00e3o.\n<\/p>\n<p>A Pipoca Mais Doce juntou-se aos tr\u00eas para um Ningu\u00e9m POD Comigo especial sobre Braga.\n<\/p>\n<p>Por fim, recebemos a Joana Almeirante, que cantou &#8220;Dois Cora\u00e7\u00f5es Partidos&#8221; e &#8220;Mulher dos Teus Sonhos&#8221;.\n<\/p>\n<p><strong>27 de outubro &#8211; Porto, Caf\u00e9 Velasquez<\/strong><\/p>\n<p>A viagem come\u00e7ou em grande, no Caf\u00e9 Velasquez, no Porto, com a presen\u00e7a do maestro Rui Massena e a atua\u00e7\u00e3o de Miguel Ara\u00fajo, que cantou duas grandes m\u00fasicas: &#8216;Saudade&#8217; e &#8216;Fazer Can\u00e7\u00f5es&#8217;.<\/p>\n","protected":false},"excerpt":{"rendered":"O Caf\u00e9 da Manh\u00e3 da RFM deixou o est\u00fadio e percorreu os caf\u00e9s de Portugal, de Norte a&hellip;\n","protected":false},"author":2,"featured_media":143492,"comment_status":"","ping_status":"","sticky":false,"template":"","format":"standard","meta":{"footnotes":""},"categories":[141],"tags":[783,778,779,774,764,769,767,772,782,114,115,784,222,771,773,149,150,768,777,32,33,766,781,765,763,775,780,776,770],"class_list":{"0":"post-143491","1":"post","2":"type-post","3":"status-publish","4":"format-standard","5":"has-post-thumbnail","7":"category-musica","8":"tag-6pm","9":"tag-80s-rfm","10":"tag-80srfm","11":"tag-90s","12":"tag-bruno-mars","13":"tag-cafe-da-manha","14":"tag-comedia","15":"tag-dance-it","16":"tag-emissao-online","17":"tag-entertainment","18":"tag-entretenimento","19":"tag-fridayboyz","20":"tag-humor","21":"tag-jazzy","22":"tag-latinas","23":"tag-music","24":"tag-musica","25":"tag-nilton","26":"tag-oceano-pacifico","27":"tag-portugal","28":"tag-pt","29":"tag-radio","30":"tag-radio-online","31":"tag-rfm","32":"tag-rock-in-rio","33":"tag-rocks","34":"tag-somnii","35":"tag-toca-portugal","36":"tag-top-25"},"share_on_mastodon":{"url":"https:\/\/pubeurope.com\/@pt\/115510751071924082","error":""},"_links":{"self":[{"href":"https:\/\/www.europesays.com\/pt\/wp-json\/wp\/v2\/posts\/143491","targetHints":{"allow":["GET"]}}],"collection":[{"href":"https:\/\/www.europesays.com\/pt\/wp-json\/wp\/v2\/posts"}],"about":[{"href":"https:\/\/www.europesays.com\/pt\/wp-json\/wp\/v2\/types\/post"}],"author":[{"embeddable":true,"href":"https:\/\/www.europesays.com\/pt\/wp-json\/wp\/v2\/users\/2"}],"replies":[{"embeddable":true,"href":"https:\/\/www.europesays.com\/pt\/wp-json\/wp\/v2\/comments?post=143491"}],"version-history":[{"count":0,"href":"https:\/\/www.europesays.com\/pt\/wp-json\/wp\/v2\/posts\/143491\/revisions"}],"wp:featuredmedia":[{"embeddable":true,"href":"https:\/\/www.europesays.com\/pt\/wp-json\/wp\/v2\/media\/143492"}],"wp:attachment":[{"href":"https:\/\/www.europesays.com\/pt\/wp-json\/wp\/v2\/media?parent=143491"}],"wp:term":[{"taxonomy":"category","embeddable":true,"href":"https:\/\/www.europesays.com\/pt\/wp-json\/wp\/v2\/categories?post=143491"},{"taxonomy":"post_tag","embeddable":true,"href":"https:\/\/www.europesays.com\/pt\/wp-json\/wp\/v2\/tags?post=143491"}],"curies":[{"name":"wp","href":"https:\/\/api.w.org\/{rel}","templated":true}]}}