{"id":143503,"date":"2025-11-07T22:29:22","date_gmt":"2025-11-07T22:29:22","guid":{"rendered":"https:\/\/www.europesays.com\/pt\/143503\/"},"modified":"2025-11-07T22:29:22","modified_gmt":"2025-11-07T22:29:22","slug":"gnr-registou-98-mortos-em-acidentes-que-envolveram-motos-desde-janeiro","status":"publish","type":"post","link":"https:\/\/www.europesays.com\/pt\/143503\/","title":{"rendered":"GNR registou 98 mortos em acidentes que envolveram motos desde janeiro"},"content":{"rendered":"<p>                Os dados constam de uma nota da GNR para assinalar o arranque hoje da opera\u00e7\u00e3o &#8220;Moto V&#8221;, que visa a fiscaliza\u00e7\u00e3o e patrulhamento e assegurar a seguran\u00e7a do evento MotoGP Portugal, que se realiza at\u00e9 domingo no Aut\u00f3dromo Internacional do Algarve, em Portim\u00e3o.<\/p>\n<p>Na nota, a Guarda lembra que em 2024 registaram-se 6.387 acidentes envolvendo ve\u00edculos de duas rodas, dos quais resultaram 103 v\u00edtimas mortais, 583 feridos graves e 4 .551 feridos ligeiros.<\/p>\n<p>Na sequ\u00eancia do MotoGP Portugal, que se realiza no Aut\u00f3dromo Internacional do Algarve entre hoje e domingo, est\u00e1 previsto um aumento significativo do volume de tr\u00e1fego de motociclos nas principais vias de acesso ao Algarve, refere a GNR na nota.<\/p>\n<p>A opera\u00e7\u00e3o vai ter especial incid\u00eancia nos distritos de Aveiro, Beja, Castelo Branco, Coimbra, \u00c9vora, Leiria, Lisboa, Porto, Santar\u00e9m, Set\u00fabal e Faro.<\/p>\n<p>No \u00e2mbito da opera\u00e7\u00e3o, a GNR vai tamb\u00e9m desenvolver a\u00e7\u00f5es de sensibiliza\u00e7\u00e3o e fiscaliza\u00e7\u00e3o rodovi\u00e1ria, incidindo sobre comportamentos de risco, como o excesso de velocidade, a condu\u00e7\u00e3o sob influ\u00eancia de \u00e1lcool ou subst\u00e2ncias psicotr\u00f3picas e a utiliza\u00e7\u00e3o incorreta do capacete ou do equipamento de prote\u00e7\u00e3o.<\/p>\n<p>Na sequ\u00eancia do evento, a GNR informa que o espa\u00e7o a\u00e9reo na zona do Aut\u00f3dromo Internacional do Algarve encontra-se interdito durante o per\u00edodo do Grande Pr\u00e9mio do Moto GP.<\/p>\n<p>Estar\u00e3o igualmente interditas no per\u00edodo entre as 14h00 e as 17h00 de domingo a principal liga\u00e7\u00e3o ao Aut\u00f3dromo sentido sul, e a Autoestrada 22 sentido Espanha-Portugal entre os n\u00f3s de Alvor e Mexilhoeira.&#13;\n            <\/p>\n","protected":false},"excerpt":{"rendered":"Os dados constam de uma nota da GNR para assinalar o arranque hoje da opera\u00e7\u00e3o &#8220;Moto V&#8221;, que&hellip;\n","protected":false},"author":2,"featured_media":143504,"comment_status":"","ping_status":"","sticky":false,"template":"","format":"standard","meta":{"footnotes":""},"categories":[10],"tags":[1455,27,28,15,16,2002,14,25,26,21,22,3019,20858,12,13,19,20,32,23,24,33,17,18,29,30,31],"class_list":{"0":"post-143503","1":"post","2":"type-post","3":"status-publish","4":"format-standard","5":"has-post-thumbnail","7":"category-portugal","8":"tag-acidentes","9":"tag-breaking-news","10":"tag-breakingnews","11":"tag-featured-news","12":"tag-featurednews","13":"tag-gnr","14":"tag-headlines","15":"tag-latest-news","16":"tag-latestnews","17":"tag-main-news","18":"tag-mainnews","19":"tag-mortos","20":"tag-motos","21":"tag-news","22":"tag-noticias","23":"tag-noticias-principais","24":"tag-noticiasprincipais","25":"tag-portugal","26":"tag-principais-noticias","27":"tag-principaisnoticias","28":"tag-pt","29":"tag-top-stories","30":"tag-topstories","31":"tag-ultimas","32":"tag-ultimas-noticias","33":"tag-ultimasnoticias"},"share_on_mastodon":{"url":"https:\/\/pubeurope.com\/@pt\/115510782370009654","error":""},"_links":{"self":[{"href":"https:\/\/www.europesays.com\/pt\/wp-json\/wp\/v2\/posts\/143503","targetHints":{"allow":["GET"]}}],"collection":[{"href":"https:\/\/www.europesays.com\/pt\/wp-json\/wp\/v2\/posts"}],"about":[{"href":"https:\/\/www.europesays.com\/pt\/wp-json\/wp\/v2\/types\/post"}],"author":[{"embeddable":true,"href":"https:\/\/www.europesays.com\/pt\/wp-json\/wp\/v2\/users\/2"}],"replies":[{"embeddable":true,"href":"https:\/\/www.europesays.com\/pt\/wp-json\/wp\/v2\/comments?post=143503"}],"version-history":[{"count":0,"href":"https:\/\/www.europesays.com\/pt\/wp-json\/wp\/v2\/posts\/143503\/revisions"}],"wp:featuredmedia":[{"embeddable":true,"href":"https:\/\/www.europesays.com\/pt\/wp-json\/wp\/v2\/media\/143504"}],"wp:attachment":[{"href":"https:\/\/www.europesays.com\/pt\/wp-json\/wp\/v2\/media?parent=143503"}],"wp:term":[{"taxonomy":"category","embeddable":true,"href":"https:\/\/www.europesays.com\/pt\/wp-json\/wp\/v2\/categories?post=143503"},{"taxonomy":"post_tag","embeddable":true,"href":"https:\/\/www.europesays.com\/pt\/wp-json\/wp\/v2\/tags?post=143503"}],"curies":[{"name":"wp","href":"https:\/\/api.w.org\/{rel}","templated":true}]}}