{"id":143527,"date":"2025-11-07T22:46:13","date_gmt":"2025-11-07T22:46:13","guid":{"rendered":"https:\/\/www.europesays.com\/pt\/143527\/"},"modified":"2025-11-07T22:46:13","modified_gmt":"2025-11-07T22:46:13","slug":"robert-de-niro-foi-a-roma-ver-o-papa-inaugurar-hotel-e-receber-homenagem","status":"publish","type":"post","link":"https:\/\/www.europesays.com\/pt\/143527\/","title":{"rendered":"Robert De Niro foi a Roma ver o Papa, inaugurar hotel e receber homenagem"},"content":{"rendered":"<p data-remotead-prev-elm=\"true\" data-remotead-elm-id=\"inread\">&#8220;Bom dia. \u00c9 um prazer conhec\u00ea-lo&#8221;, disse o Papa norte-americano, Robert Francis Prevost, em ingl\u00eas, ao seu compatriota, ao receb\u00ea-lo na chamada Sala do Trono do pal\u00e1cio. &#8220;Igualmente&#8221;, respondeu o famoso ator, segundo o portal de not\u00edcias oficial Vatican News. No final do encontro, Le\u00e3o XIV ofereceu-lhe um ter\u00e7o.<\/p>\n<p>De Niro viajou at\u00e9 \u00e0 capital italiana para estar presente na inaugura\u00e7\u00e3o de um hotel de que \u00e9 propriet\u00e1rio, na exclusiva Via Veneto.<\/p>\n<p><img decoding=\"async\" class=\"ngx-body\" guid=\"204dfcc0-eb06-4148-b767-2f8c38ed6d49\" src=\"https:\/\/www.europesays.com\/pt\/wp-content\/uploads\/2025\/11\/1762555572_827_image.jpg\" width=\"100%\"\/><br \/>Foto: Massimo Percossi\/EPA<\/p>\n<p data-remotead-prev-elm=\"true\" data-remotead-elm-id=\"centro1\">Na quinta-feira, o ator de cl\u00e1ssicos da cinematografia norte-americana como &#8220;Taxi Driver&#8221;, &#8220;Tudo Bons Rapazes&#8221; e &#8220;O Padrinho II&#8221; foi laureado no Pal\u00e1cio del Campidoglio, sede da C\u00e2mara Municipal de Roma, com a mais alta condecora\u00e7\u00e3o da cidade, a Loba Capitolina.<\/p>\n<p>Na cerim\u00f3nia, De Niro celebrou as suas origens italianas, em particular, da regi\u00e3o de Molise, e sublinhou o valor de It\u00e1lia e da Cidade Eterna para a arte e a cultura.<\/p>\n<p>&#8220;A minha fam\u00edlia tem ra\u00edzes em It\u00e1lia, por isso esta condecora\u00e7\u00e3o tem um significado pessoal para mim. Sempre senti uma profunda liga\u00e7\u00e3o com este pa\u00eds, o seu povo, a sua paix\u00e3o e o seu respeito pelas artes e pela criatividade&#8221;, afirmou durante a gala.<\/p>\n<p data-remotead-prev-elm=\"true\" data-remotead-elm-id=\"centro2\"><img decoding=\"async\" class=\"ngx-body\" guid=\"b5108d8e-b3b3-4d44-9cec-39f0965dbd75\" src=\"https:\/\/www.europesays.com\/pt\/wp-content\/uploads\/2025\/11\/1762555573_123_image.jpg\" width=\"100%\"\/><br \/>Foto: C\u00e2mara de Roma\/EPA<\/p>\n<p>&#8220;Chegou a altura de recuperarmos o nosso pa\u00eds&#8221;<\/p>\n<p>Mas aplaudiu tamb\u00e9m a recente elei\u00e7\u00e3o do <a href=\"https:\/\/www.jn.pt\/mundo\/artigo\/zohran-mamdani-faz-historia-e-torna-se-primeiro-autarca-muculmano-de-nova-iorque\/18016288\" target=\"_blank\" rel=\"nofollow noopener\">novo presidente da C\u00e2mara de Nova Iorque<\/a>, Zohran Mamdani, que classificou como uma esperan\u00e7a contra a pol\u00edtica representada pelo presidente dos Estados Unidos, Donald Trump. &#8220;Chegou a altura de recuperarmos o nosso pa\u00eds&#8221;, sustentou, segundo a imprensa local.<\/p>\n","protected":false},"excerpt":{"rendered":"&#8220;Bom dia. \u00c9 um prazer conhec\u00ea-lo&#8221;, disse o Papa norte-americano, Robert Francis Prevost, em ingl\u00eas, ao seu compatriota,&hellip;\n","protected":false},"author":2,"featured_media":143528,"comment_status":"","ping_status":"","sticky":false,"template":"","format":"standard","meta":{"footnotes":""},"categories":[145],"tags":[211,210,114,115,62,811,32,33,21395,5598],"class_list":{"0":"post-143527","1":"post","2":"type-post","3":"status-publish","4":"format-standard","5":"has-post-thumbnail","7":"category-celebridades","8":"tag-celebridades","9":"tag-celebrities","10":"tag-entertainment","11":"tag-entretenimento","12":"tag-mundo","13":"tag-papa-leao-xiv","14":"tag-portugal","15":"tag-pt","16":"tag-robert-de-niro","17":"tag-vaticano"},"share_on_mastodon":{"url":"https:\/\/pubeurope.com\/@pt\/115510849559665292","error":""},"_links":{"self":[{"href":"https:\/\/www.europesays.com\/pt\/wp-json\/wp\/v2\/posts\/143527","targetHints":{"allow":["GET"]}}],"collection":[{"href":"https:\/\/www.europesays.com\/pt\/wp-json\/wp\/v2\/posts"}],"about":[{"href":"https:\/\/www.europesays.com\/pt\/wp-json\/wp\/v2\/types\/post"}],"author":[{"embeddable":true,"href":"https:\/\/www.europesays.com\/pt\/wp-json\/wp\/v2\/users\/2"}],"replies":[{"embeddable":true,"href":"https:\/\/www.europesays.com\/pt\/wp-json\/wp\/v2\/comments?post=143527"}],"version-history":[{"count":0,"href":"https:\/\/www.europesays.com\/pt\/wp-json\/wp\/v2\/posts\/143527\/revisions"}],"wp:featuredmedia":[{"embeddable":true,"href":"https:\/\/www.europesays.com\/pt\/wp-json\/wp\/v2\/media\/143528"}],"wp:attachment":[{"href":"https:\/\/www.europesays.com\/pt\/wp-json\/wp\/v2\/media?parent=143527"}],"wp:term":[{"taxonomy":"category","embeddable":true,"href":"https:\/\/www.europesays.com\/pt\/wp-json\/wp\/v2\/categories?post=143527"},{"taxonomy":"post_tag","embeddable":true,"href":"https:\/\/www.europesays.com\/pt\/wp-json\/wp\/v2\/tags?post=143527"}],"curies":[{"name":"wp","href":"https:\/\/api.w.org\/{rel}","templated":true}]}}