{"id":143544,"date":"2025-11-07T23:08:08","date_gmt":"2025-11-07T23:08:08","guid":{"rendered":"https:\/\/www.europesays.com\/pt\/143544\/"},"modified":"2025-11-07T23:08:08","modified_gmt":"2025-11-07T23:08:08","slug":"fim-de-semana-na-tv-topazio-toureiros-e-amor-de-mae-em-tempos-de-guerra-televisao","status":"publish","type":"post","link":"https:\/\/www.europesays.com\/pt\/143544\/","title":{"rendered":"Fim-de-semana na TV: Top\u00e1zio, toureiros e amor de m\u00e3e em tempos de guerra | Televis\u00e3o"},"content":{"rendered":"<p>CINEMA<\/p>\n<p><strong><a href=\"https:\/\/cinecartaz.publico.pt\/filme\/o-predador-127371\" rel=\"nofollow noopener\" target=\"_blank\">O Predador<\/a><\/strong><br \/><strong>Star Movies, s\u00e1bado, 16h20<\/strong><\/p>\n<p dir=\"ltr\"><a href=\"https:\/\/cinecartaz.publico.pt\/filme\/predador-badlands-414404\" rel=\"nofollow noopener\" target=\"_blank\">Predador: Badlands<\/a> acaba de chegar \u00e0s salas de cinema. A prop\u00f3sito dessa estreia, o Star Movies recupera os tr\u00eas primeiros filmes da saga. Ao original, realizado por John MacTiernam em 1987, com Arnold Schwarzenegger aos comandos, seguem-se <a href=\"https:\/\/cinecartaz.publico.pt\/filme\/o-predador-ii-144233\" rel=\"nofollow noopener\" target=\"_blank\">O Predador II<\/a> de Stephen Hopkins (1990) e <a href=\"https:\/\/cinecartaz.publico.pt\/filme\/predadores-262223\" rel=\"nofollow noopener\" target=\"_blank\">Os Predadores<\/a> de Nimr\u00f3d Antal (2010), para ver em maratona.<\/p>\n<p dir=\"ltr\"><strong><a href=\"http:\/\/www.cinecartaz.publico.pt\/Filme\/166269_em-busca-da-felicidade\" rel=\"nofollow noopener\" target=\"_blank\">Em Busca da Felicidade<\/a><\/strong><br \/><strong>AXN Movies, s\u00e1bado, 21h10<\/strong><\/p>\n<p dir=\"ltr\">Chris Gardner \u00e9 inteligente e talentoso, mas n\u00e3o consegue encontrar emprego que sustente a fam\u00edlia. A mulher abandona-o e Chris fica sozinho com o filho de cinco anos. Acaba por aceitar um est\u00e1gio n\u00e3o remunerado, na esperan\u00e7a de vir a ser contratado. Entretanto, \u00e9 despejado do apartamento em que vive com o filho e os dois s\u00e3o obrigados a dormir em abrigos, paragens de autocarro ou qualquer local que possa servir de ref\u00fagio. O amor do filho ser\u00e1 a for\u00e7a necess\u00e1ria para Chris ultrapassar todos os obst\u00e1culos. Realizado por Gabriele Muccino, o filme baseia-se na hist\u00f3ria ver\u00eddica de Gardner. O protagonista, Will Smith, contracena com Jaden, o filho, na sua estreia em cinema.<\/p>\n<p><strong><a href=\"https:\/\/cinecartaz.publico.pt\/Filme\/326219_mil-e-uma-maneiras-de-bater-as-botas\" rel=\"nofollow noopener\" target=\"_blank\">Mil e Uma Maneiras de Bater as Botas<\/a><\/strong><br \/><strong>Star Comedy, s\u00e1bado, 22h30<\/strong><\/p>\n<p dir=\"ltr\">Com\u00e9dia no faroeste, com Seth MacFarlane como realizador, argumentista e personagem principal, em parceria com Charlize Theron, Liam Neeson e Amanda Seyfried. Albert foi mais uma vez derrotado em duelo. Nesse momento conhece Anna, uma atraente forasteira que est\u00e1 disposta a ensin\u00e1-lo a usar uma arma. Tudo parece correr bem at\u00e9 Clinch, marido dela, chegar \u00e0 cidade. Determinado a recuperar a honra de marido tra\u00eddo, exige as suas cabe\u00e7as. E \u00e9 assim que o her\u00f3i percebe que \u00e9 chegado o momento de enfrentar o inimigo e mostrar a todos a sua bravura.<\/p>\n<p><strong><a href=\"https:\/\/cinecartaz.publico.pt\/filme\/o-miradouro-da-lua--o-funeral--o-gato-preto-18642\" rel=\"nofollow noopener\" target=\"_blank\">O Miradouro da Lua<\/a><\/strong><br \/><strong>RTP2, s\u00e1bado, 23h12<\/strong><\/p>\n<p dir=\"ltr\">Em 1993, Jorge Ant\u00f3nio lan\u00e7a-se \u00e0 sua estreia em longa-metragem, naquela que \u00e9 a tamb\u00e9m a primeira produ\u00e7\u00e3o cinematogr\u00e1fica luso-angolana. Segue um jovem portugu\u00eas dessa altura, na sua visita a Luanda, onde vai encontrar o pai que o convidou mas que ainda n\u00e3o conhece. Mas o que o espera \u00e9 uma grande surpresa.<\/p>\n<p dir=\"ltr\"><strong><a href=\"https:\/\/cinecartaz.publico.pt\/filme\/topazio-126137\" rel=\"nofollow noopener\" target=\"_blank\">Top\u00e1zio<\/a><\/strong><br \/><strong>RTP Mem\u00f3ria, domingo, 15h<\/strong><\/p>\n<p dir=\"ltr\">Tal como em Cortina Rasgada, Hitchcock instala-se no centro da Guerra Fria, desta vez com a ac\u00e7\u00e3o a decorrer em Cuba no per\u00edodo que antecedeu a crise dos m\u00edsseis de 1962. Um agente secreto franc\u00eas (Frederick Stafford) \u00e9 enviado \u00e0 ilha para descobrir quem anda a fornecer informa\u00e7\u00f5es confidenciais a Fidel Castro e, consequentemente, a Moscovo. Com a ajuda de um agente da CIA e de uma aristocrata cubana, ter\u00e1 de o encontrar e eliminar.<\/p>\n<p dir=\"ltr\"><strong><a href=\"https:\/\/cinecartaz.publico.pt\/filme\/lenda-ochi-413526\" rel=\"nofollow noopener\" target=\"_blank\">A Lenda de Ochi<\/a><\/strong><br \/><strong>TVCine Top, domingo, 22h<\/strong><\/p>\n<p dir=\"ltr\">Estreado no Festival de Cinema de Sundance, este filme de aventura e fantasia \u00e9 realizado por Isaiah Saxon e conta com interpreta\u00e7\u00f5es de Helena Zengel, Willem Dafoe, Finn Wolfhard e Emily Watson. A jovem Yuri nasceu numa pequena ilha do Mar Negro, onde sempre ouviu hist\u00f3rias sobre os in\u00fameros perigos daquele lugar: ursos, lobos e, acima de tudo, ochis, criaturas mal\u00e9ficas que se escondem nas profundezas da floresta. Mas, ao encontrar uma pequena cria de ochi, ferida e amedrontada, resolve desafiar o que lhe foi ensinado e devolv\u00ea-la \u00e0 fam\u00edlia.<\/p>\n<p>DOCUMENT\u00c1RIOS<\/p>\n<p><strong>Joana Vasconcelos &#8211; Cora\u00e7\u00e3o Independente<\/strong><br \/><strong>RTP Mem\u00f3ria, s\u00e1bado, 19h22<\/strong><\/p>\n<p dir=\"ltr\">Datado de 2007, este document\u00e1rio de Joana Cunha Ferreira oferece um retrato de Joana Vasconcelos, artista de enorme projec\u00e7\u00e3o internacional no mundo da arte contempor\u00e2nea, a partir da observa\u00e7\u00e3o do processo de constru\u00e7\u00e3o de uma das suas obras mais famosas \u2013 Dorothy, uma gigantesca sand\u00e1lia de salto alto, feita com panelas e tampas \u2013 ao longo de quase um ano, no ateli\u00ea da artista.<\/p>\n<p dir=\"ltr\"><strong><a href=\"https:\/\/cinecartaz.publico.pt\/filme\/tardes-solidao-413669\" rel=\"nofollow noopener\" target=\"_blank\">Tardes de Solid\u00e3o<\/a><\/strong><br \/><strong>TVCine Edition, domingo, 22h<\/strong><\/p>\n<p dir=\"ltr\">Apresentado na edi\u00e7\u00e3o de 2024 do Festival de San Sebasti\u00e1n, onde conquistou a Concha de Ouro, \u00e9 a estreia em document\u00e1rio de Albert Serra, o realizador de Honra de Cavalaria, O Canto dos P\u00e1ssaros, Hist\u00f3ria da Minha Morte, A Morte de Lu\u00eds XIV, Libert\u00e9 ou Pacifiction. A obra acompanha um dia na vida do jovem matador de touros de nacionalidade peruana e espanhola Andr\u00e9s Roca Rey, uma das figuras mais conhecidas (e controversas) da tauromaquia contempor\u00e2nea, com presen\u00e7a frequente nas mais importantes pra\u00e7as de touros, onde junta multid\u00f5es e esgota bilheteiras \u2013 tal como aconteceu em Santar\u00e9m, em Junho de 2024. Aqui, Serra explora a solid\u00e3o, a coragem e as motiva\u00e7\u00f5es de um toureiro, desde a prepara\u00e7\u00e3o antes de entrar na arena at\u00e9 ao confronto final entre homem e touro, que culmina na morte do animal. Alerta: algumas cenas podem ferir a sensibilidade de alguns espectadores.<\/p>\n<p dir=\"ltr\"><strong>Love+War<\/strong><br \/><strong>National Geographic, domingo, 22h30<\/strong><\/p>\n<p dir=\"ltr\">Estreia. De c\u00e2mara em riste e beb\u00e9 ao colo, a fotojornalista norte-americana Lynsey Addario, vencedora de um Pulitzer e v\u00e1rios outros pr\u00e9mios, surge como exemplo limite do equil\u00edbrio entre a vida profissional, que no seu caso \u00e9 passada em cen\u00e1rios de guerra onde arrisca a vida, e os desafios da maternidade. O document\u00e1rio \u00e9 realizado por Chai Vasarhelyi e Jimmy Chin, e est\u00e1 tamb\u00e9m dispon\u00edvel em streaming, via Disney+.<\/p>\n<p>M\u00daSICA<\/p>\n<p><strong>L(oo)ping por Rone: O Filme<\/strong><br \/><strong>RTP2, s\u00e1bado, 22h01<\/strong><\/p>\n<p dir=\"ltr\">O ponto de partida \u00e9 um espect\u00e1culo de Rone, m\u00fasico e produtor franc\u00eas de electr\u00f3nica, com a Orquestra Nacional de Lyon. O ponto de chegada \u00e9 muito mais do que a filmagem de um concerto. Integrando nove bailarinos que, por sua vez, d\u00e3o corpo \u00e0 imagina\u00e7\u00e3o de cinco core\u00f3grafos, este objecto f\u00edlmico realizado por Louise Narboni projecta a experi\u00eancia para \u201cum universo paralelo sublimado pela dan\u00e7a\u201d, numa \u201cviagem em loop entre a realidade e o sonho\u201d, desvenda a sinopse.<\/p>\n<p dir=\"ltr\"><strong>St. Vincent &#8211; Nos Alive 2025<\/strong><br \/><strong>RTP2, domingo, 23h51<\/strong><\/p>\n<p dir=\"ltr\">Registo da passagem da cantora e compositora norte-americana St. Vincent pelo \u00faltimo Nos Alive. \u00c9 o nome art\u00edstico que Annie Clark usa para assinar arestas de voz, guitarra e electr\u00f3nica como as do aclamado \u00e1lbum hom\u00f3nimo que lan\u00e7ou em 2014, como a parceria que fez com David Byrne num trabalho de pop cerebral chamado Love This Giant (2012) ou, mais recentemente, nas can\u00e7\u00f5es \u201csobre vida, morte e amor\u201d que encapsulou em All Born Screaming (2024), o disco com que subiu, a 11 de Julho, ao palco Heineken do festival de Alg\u00e9s (Oeiras).<\/p>\n<p>        &#13;<\/p>\n<p>&#13;<br \/>\n                &#13;\n            <\/p>\n<p>&#13;<\/p>\n<p>ENTRETENIMENTO<\/p>\n<p dir=\"ltr\"><strong>Miss\u00e3o: 100% Portugu\u00eas<\/strong><br \/><strong>RTP1, s\u00e1bado, 21h01<\/strong><\/p>\n<p dir=\"ltr\">\u201cUma viagem que celebra a autenticidade minhota\u201d \u00e9 o que promete este epis\u00f3dio do programa que d\u00e1 a conhecer as tradi\u00e7\u00f5es e o futuro da produ\u00e7\u00e3o portuguesa a diversos n\u00edveis e em v\u00e1rias \u00e1reas. Catarina Maia e Jo\u00e3o Paulo Rodrigues rumam a Arcos de Valdevez e Viana do Castelo, prontos para saborear a gastronomia local, integrar um rancho folcl\u00f3rico, experimentar caiaque-p\u00f3lo no rio Vez ou ir ao encontro de um dos melhores bartenders do pa\u00eds.<\/p>\n<p>        &#13;<\/p>\n<p>&#13;<br \/>\n                &#13;\n            <\/p>\n<p>&#13;<\/p>\n<p>MAGAZINE<\/p>\n<p dir=\"ltr\"><strong>Dez Programas para o Fim do Mundo<\/strong><br \/><strong>RTP2, domingo, 22h49<\/strong><\/p>\n<p dir=\"ltr\">A conversa desta noite, no programa com autoria e apresenta\u00e7\u00e3o de Maria Castello Branco e Nuno Artur Silva, tem como tema as migra\u00e7\u00f5es e, como convidados, a t\u00e9cnica de interven\u00e7\u00e3o social e comunit\u00e1ria Lu\u00edsa Semedo, o historiador Jo\u00e3o Moreira da Sila e a advogada Leonor Caldeira.<\/p>\n<p>INFANTIL<\/p>\n<p dir=\"ltr\"><strong>Os Thundermans: Miss\u00e3o Secreta<\/strong><br \/><strong>Nickelodeon, s\u00e1bado, 11h14<\/strong><\/p>\n<p dir=\"ltr\">Phoebe, Max e Chloe Thunderman, os irm\u00e3os super-her\u00f3is, reentram em ac\u00e7\u00e3o na estreia da segunda temporada. V\u00eam a\u00ed novas aventuras, mas tamb\u00e9m rivalidades, ciumeira, segredos, vil\u00f5es inesperados e ainda uma mentoria improv\u00e1vel.<\/p>\n<p dir=\"ltr\"><strong><a href=\"https:\/\/cinecartaz.publico.pt\/filme\/a-fabrica-dos-sonhos-402151\" rel=\"nofollow noopener\" target=\"_blank\">A F\u00e1brica dos Sonhos<\/a> (VP)<\/strong><br \/><strong>Panda Kids, domingo, 13h27<\/strong><\/p>\n<p dir=\"ltr\">Filme de anima\u00e7\u00e3o realizado por Kim Hagen Jensen e Tonni Zinck. Apesar de ter perdido a m\u00e3e, Mina \u00e9 uma crian\u00e7a feliz. \u00c9 tamb\u00e9m muito pr\u00f3xima do pai. Tudo muda quando ele resolve refazer a vida com a sua namorada e a filha dela, a f\u00fatil, mimada e mandona Jenny. Mas Mina tem um plano: recorrer aos amigos da F\u00e1brica dos Sonhos para mudar a atitude de Jenny atrav\u00e9s da manipula\u00e7\u00e3o dos sonhos dela. Ser\u00e1 que resulta?<\/p>\n<p>        &#13;<\/p>\n<p>&#13;<br \/>\n                &#13;\n            <\/p>\n<p>&#13;<\/p>\n","protected":false},"excerpt":{"rendered":"CINEMA O PredadorStar Movies, s\u00e1bado, 16h20 Predador: Badlands acaba de chegar \u00e0s salas de cinema. A prop\u00f3sito dessa&hellip;\n","protected":false},"author":2,"featured_media":143545,"comment_status":"","ping_status":"","sticky":false,"template":"","format":"standard","meta":{"footnotes":""},"categories":[142],"tags":[470,1413,1414,114,115,294,150,32,33,291,218,151],"class_list":{"0":"post-143544","1":"post","2":"type-post","3":"status-publish","4":"format-standard","5":"has-post-thumbnail","7":"category-tv","8":"tag-cinema","9":"tag-cultura-ipsilon","10":"tag-documentario","11":"tag-entertainment","12":"tag-entretenimento","13":"tag-lazer","14":"tag-musica","15":"tag-portugal","16":"tag-pt","17":"tag-relaxar","18":"tag-televisao","19":"tag-tv"},"share_on_mastodon":{"url":"https:\/\/pubeurope.com\/@pt\/115510935732754819","error":""},"_links":{"self":[{"href":"https:\/\/www.europesays.com\/pt\/wp-json\/wp\/v2\/posts\/143544","targetHints":{"allow":["GET"]}}],"collection":[{"href":"https:\/\/www.europesays.com\/pt\/wp-json\/wp\/v2\/posts"}],"about":[{"href":"https:\/\/www.europesays.com\/pt\/wp-json\/wp\/v2\/types\/post"}],"author":[{"embeddable":true,"href":"https:\/\/www.europesays.com\/pt\/wp-json\/wp\/v2\/users\/2"}],"replies":[{"embeddable":true,"href":"https:\/\/www.europesays.com\/pt\/wp-json\/wp\/v2\/comments?post=143544"}],"version-history":[{"count":0,"href":"https:\/\/www.europesays.com\/pt\/wp-json\/wp\/v2\/posts\/143544\/revisions"}],"wp:featuredmedia":[{"embeddable":true,"href":"https:\/\/www.europesays.com\/pt\/wp-json\/wp\/v2\/media\/143545"}],"wp:attachment":[{"href":"https:\/\/www.europesays.com\/pt\/wp-json\/wp\/v2\/media?parent=143544"}],"wp:term":[{"taxonomy":"category","embeddable":true,"href":"https:\/\/www.europesays.com\/pt\/wp-json\/wp\/v2\/categories?post=143544"},{"taxonomy":"post_tag","embeddable":true,"href":"https:\/\/www.europesays.com\/pt\/wp-json\/wp\/v2\/tags?post=143544"}],"curies":[{"name":"wp","href":"https:\/\/api.w.org\/{rel}","templated":true}]}}