{"id":143600,"date":"2025-11-08T00:05:09","date_gmt":"2025-11-08T00:05:09","guid":{"rendered":"https:\/\/www.europesays.com\/pt\/143600\/"},"modified":"2025-11-08T00:05:09","modified_gmt":"2025-11-08T00:05:09","slug":"inflamacao-no-cerebro-pode-determinar-avanco-de-alzheimer-07-11-2025-equilibrio-e-saude","status":"publish","type":"post","link":"https:\/\/www.europesays.com\/pt\/143600\/","title":{"rendered":"Inflama\u00e7\u00e3o no c\u00e9rebro pode determinar avan\u00e7o de Alzheimer &#8211; 07\/11\/2025 &#8211; Equil\u00edbrio e Sa\u00fade"},"content":{"rendered":"<p>Um <a href=\"https:\/\/www.nature.com\/articles\/s41593-025-02103-0\" target=\"_blank\" rel=\"nofollow noopener\">estudo<\/a> brasileiro publicado na revista Nature Neuroscience, a mais importante de neuroci\u00eancia do mundo, revela que duas c\u00e9lulas causadoras de inflama\u00e7\u00e3o cerebral, a micr\u00f3glia e os astr\u00f3citos, s\u00e3o pe\u00e7a-chave para a progress\u00e3o da doen\u00e7a de <a href=\"https:\/\/www1.folha.uol.com.br\/folha-topicos\/alzheimer\/\" rel=\"nofollow noopener\" target=\"_blank\">Alzheimer<\/a>.<\/p>\n<p>A descoberta pode abrir caminho para tratamentos mais eficazes, que atuem al\u00e9m das prote\u00ednas beta-amiloide e tau \u2014consideradas como as principais causadoras da doen\u00e7a.<\/p>\n<p>A pesquisa envolveu mais de 300 participantes do Canad\u00e1 e dos EUA, desde pessoas saud\u00e1veis at\u00e9 pacientes com Alzheimer em est\u00e1gios variados. O estudo utilizou metodologias avan\u00e7adas de neuroimagem e biomarcadores sangu\u00edneos e de l\u00edquor (l\u00edquido que circula ao redor do c\u00e9rebro e da medula espinhal) para investigar as altera\u00e7\u00f5es cerebrais associadas ao desenvolvimento da doen\u00e7a<\/p>\n<p>&#8220;O Alzheimer progride somente quando o c\u00e9rebro est\u00e1 inflamado, ou seja, quando a micr\u00f3glia e os astr\u00f3citos est\u00e3o reativos e em comunica\u00e7\u00e3o disfuncional&#8221;, afirmou o neurocientista Eduardo Zimmer, professor do Departamento de Farmacologia da UFRGS (<a href=\"https:\/\/www1.folha.uol.com.br\/folha-topicos\/universidade\/\" rel=\"nofollow noopener\" target=\"_blank\">Universidade<\/a> Federal do Rio Grande do Sul), um dos l\u00edderes da pesquisa, que contou ainda com a colabora\u00e7\u00e3o de institui\u00e7\u00f5es do Canad\u00e1, Estados Unidos e Su\u00e9cia.<\/p>\n<p>&#8220;Nossos resultados trazem a primeira evid\u00eancia cl\u00ednica de que a intera\u00e7\u00e3o entre micr\u00f3glia e astr\u00f3citos \u00e9 um processo central na progress\u00e3o da doen\u00e7a. Juntas, essas c\u00e9lulas entram em um ciclo inflamat\u00f3rio que acelera o decl\u00ednio cognitivo&#8221;, explica Jo\u00e3o Pedro Ferrari-Souza, primeiro autor do estudo e doutorando de Zimmer na UFRGS.<\/p>\n<p>Durante d\u00e9cadas, o ac\u00famulo das prote\u00ednas beta-amiloide e tau foi considerado o principal fator envolvido na doen\u00e7a de Alzheimer, sendo o foco dos tratamentos mais desenvolvidos. Esses tratamentos visam principalmente reduzir as placas de beta-amiloide e de tau no c\u00e9rebro, que t\u00eam papel fundamental no preju\u00edzo das <a href=\"https:\/\/www1.folha.uol.com.br\/equilibrio\/2022\/05\/o-que-e-a-reserva-cognitiva-que-deve-ser-fortalecida-para-cuidar-do-cerebro.shtml\" rel=\"nofollow noopener\" target=\"_blank\">fun\u00e7\u00f5es cognitivas<\/a>.<\/p>\n<p>Medicamentos chegam a reduzir a progress\u00e3o da doen\u00e7a em cerca de 30%, desacelerando o decl\u00ednio cognitivo, mas a resposta cl\u00ednica ainda \u00e9 modesta e insuficiente para controlar totalmente a <a href=\"https:\/\/www1.folha.uol.com.br\/equilibrioesaude\/2025\/08\/uso-de-aparelhos-auditivos-reduz-risco-de-demencia-mostra-estudo.shtml\" rel=\"nofollow noopener\" target=\"\">evolu\u00e7\u00e3o da dem\u00eancia<\/a>, segundo os pesquisadores.<\/p>\n<p>Algumas pessoas apresentam o ac\u00famulo dessas prote\u00ednas no c\u00e9rebro, mas nunca desenvolvem os sintomas da doen\u00e7a, enquanto outras acabam manifestando a dem\u00eancia. Essa quest\u00e3o levou os pesquisadores a explorar fatores al\u00e9m da presen\u00e7a das prote\u00ednas, buscando entender por que o avan\u00e7o da doen\u00e7a varia tanto entre os indiv\u00edduos.<\/p>\n<p>&#8220;Isso indica que existem outras vari\u00e1veis importantes al\u00e9m dessas prote\u00ednas&#8221;, afirma Ferrari-Souza.<\/p>\n<p>Uma dessas vari\u00e1veis apontava para a neuroinflama\u00e7\u00e3o, um processo de inflama\u00e7\u00e3o no c\u00e9rebro coordenado pela intera\u00e7\u00e3o entre a micr\u00f3glia e os astr\u00f3citos.<\/p>\n<p>O grupo observou que o ac\u00famulo da prote\u00edna beta-amiloide s\u00f3 causa problemas quando o sistema de defesa do pr\u00f3prio c\u00e9rebro tamb\u00e9m entra em a\u00e7\u00e3o.<\/p>\n<p>Na doen\u00e7a, a micr\u00f3glia reage ao ac\u00famulo de beta-amiloide liberando subst\u00e2ncias inflamat\u00f3rias que ativam os astr\u00f3citos.<\/p>\n<p>Quando ambas as c\u00e9lulas \u2014microglia e astr\u00f3citos\u2014 est\u00e3o reativas e em descompasso, o c\u00e9rebro permanece em um estado cr\u00f4nico de neuroinflama\u00e7\u00e3o, facilitando o dep\u00f3sito da prote\u00edna tau e o consequente comprometimento cognitivo.<\/p>\n<p>&#8220;Futuras terapias poder\u00e3o ir al\u00e9m da remo\u00e7\u00e3o de beta-amiloide ou tau, buscando regular a comunica\u00e7\u00e3o entre essas c\u00e9lulas como estrat\u00e9gia para desacelerar a progress\u00e3o da doen\u00e7a&#8221;, afirma Zimmer.<\/p>\n<p>A metodologia utilizou biomarcadores ultra sens\u00edveis para medir a ativa\u00e7\u00e3o das duas c\u00e9lulas gliais. Biomarcadores s\u00e3o subst\u00e2ncias mensur\u00e1veis, como prote\u00ednas espec\u00edficas no sangue, l\u00edquor ou <a href=\"https:\/\/www1.folha.uol.com.br\/equilibrioesaude\/2025\/09\/no-futuro-alzheimer-podera-ser-diagnosticado-a-partir-de-exames-de-vista-de-rotina-indica-estudo.shtml\" rel=\"nofollow noopener\" target=\"\">exames de imagem<\/a>, que indicam a reatividade da micr\u00f3glia e dos astr\u00f3citos, mas n\u00e3o permitem visualizar diretamente a comunica\u00e7\u00e3o ou o comportamento celular no tecido cerebral.<\/p>\n<p>    Cuide-se<\/p>\n<p class=\"c-newsletter__subtitle\">Ci\u00eancia, h\u00e1bitos e preven\u00e7\u00e3o numa newsletter para a sua sa\u00fade e bem-estar<\/p>\n<p>Em modelos animais, \u00e9 poss\u00edvel inserir c\u00e2meras e t\u00e9cnicas avan\u00e7adas para observar ao vivo como essas c\u00e9lulas interagem e respondem \u00e0s patologias, o que fornece informa\u00e7\u00f5es mais detalhadas e precisas sobre os mecanismos celulares, segundo Ferrari-Souza.<\/p>\n<p>&#8220;N\u00e3o conseguimos olhar ao vivo essa intera\u00e7\u00e3o no c\u00e9rebro humano, o que tornaria a an\u00e1lise mais precisa, mas essa \u00e9 a melhor abordagem dispon\u00edvel para estudos cl\u00ednicos at\u00e9 o momento.&#8221;<\/p>\n<p>Outra quest\u00e3o em aberto \u00e9 se esses achados se aplicam tamb\u00e9m a popula\u00e7\u00f5es de outros pa\u00edses, como o Brasil.<\/p>\n<p>&#8220;Estamos planejando estudos para investigar se o mesmo fen\u00f4meno ocorre no c\u00e9rebro brasileiro e esperamos validar essas descobertas na nossa popula\u00e7\u00e3o,&#8221; diz Zimmer.<\/p>\n","protected":false},"excerpt":{"rendered":"Um estudo brasileiro publicado na revista Nature Neuroscience, a mais importante de neuroci\u00eancia do mundo, revela que duas&hellip;\n","protected":false},"author":2,"featured_media":90408,"comment_status":"","ping_status":"","sticky":false,"template":"","format":"standard","meta":{"footnotes":""},"categories":[86],"tags":[314,1031,4288,109,1029,1490,236,116,1491,1208,3536,32,33,117,1030,3062],"class_list":{"0":"post-143600","1":"post","2":"type-post","3":"status-publish","4":"format-standard","5":"has-post-thumbnail","7":"category-saude","8":"tag-alzheimer","9":"tag-autocuidado","10":"tag-cerebro","11":"tag-ciencia","12":"tag-cuide-se","13":"tag-envelhecimento","14":"tag-folha","15":"tag-health","16":"tag-idoso","17":"tag-medicina","18":"tag-pesquisa-cientifica","19":"tag-portugal","20":"tag-pt","21":"tag-saude","22":"tag-saude-mental","23":"tag-universidade"},"share_on_mastodon":{"url":"https:\/\/pubeurope.com\/@pt\/115511160065852728","error":""},"_links":{"self":[{"href":"https:\/\/www.europesays.com\/pt\/wp-json\/wp\/v2\/posts\/143600","targetHints":{"allow":["GET"]}}],"collection":[{"href":"https:\/\/www.europesays.com\/pt\/wp-json\/wp\/v2\/posts"}],"about":[{"href":"https:\/\/www.europesays.com\/pt\/wp-json\/wp\/v2\/types\/post"}],"author":[{"embeddable":true,"href":"https:\/\/www.europesays.com\/pt\/wp-json\/wp\/v2\/users\/2"}],"replies":[{"embeddable":true,"href":"https:\/\/www.europesays.com\/pt\/wp-json\/wp\/v2\/comments?post=143600"}],"version-history":[{"count":0,"href":"https:\/\/www.europesays.com\/pt\/wp-json\/wp\/v2\/posts\/143600\/revisions"}],"wp:featuredmedia":[{"embeddable":true,"href":"https:\/\/www.europesays.com\/pt\/wp-json\/wp\/v2\/media\/90408"}],"wp:attachment":[{"href":"https:\/\/www.europesays.com\/pt\/wp-json\/wp\/v2\/media?parent=143600"}],"wp:term":[{"taxonomy":"category","embeddable":true,"href":"https:\/\/www.europesays.com\/pt\/wp-json\/wp\/v2\/categories?post=143600"},{"taxonomy":"post_tag","embeddable":true,"href":"https:\/\/www.europesays.com\/pt\/wp-json\/wp\/v2\/tags?post=143600"}],"curies":[{"name":"wp","href":"https:\/\/api.w.org\/{rel}","templated":true}]}}