{"id":143609,"date":"2025-11-08T00:12:09","date_gmt":"2025-11-08T00:12:09","guid":{"rendered":"https:\/\/www.europesays.com\/pt\/143609\/"},"modified":"2025-11-08T00:12:09","modified_gmt":"2025-11-08T00:12:09","slug":"ana-maria-goncalves-inova-na-abl-com-vestido-veja-foto-07-11-2025-ilustrada","status":"publish","type":"post","link":"https:\/\/www.europesays.com\/pt\/143609\/","title":{"rendered":"Ana Maria Gon\u00e7alves inova na ABL com vestido; veja foto &#8211; 07\/11\/2025 &#8211; Ilustrada"},"content":{"rendered":"<p>A escritora <a href=\"https:\/\/www1.folha.uol.com.br\/folha-topicos\/ana-maria-goncalves\/\" rel=\"nofollow noopener\" target=\"_blank\">Ana Maria Gon\u00e7alves<\/a>, que toma posse nesta noite como a <a href=\"https:\/\/www1.folha.uol.com.br\/ilustrada\/2025\/07\/ana-maria-goncalves-e-eleita-para-abl-e-se-torna-primeira-mulher-negra-a-virar-imortal.shtml\" rel=\"nofollow noopener\" target=\"\">primeira mulher negra<\/a> na Academia Brasileira de Letras, apareceu trajada com um vestido inspirado no tradicional fard\u00e3o da Casa de Machado.<\/p>\n<p>Segundo ela disse ao portal <a href=\"https:\/\/almapreta.com.br\/sessao\/cotidiano\/ana-maria-goncalves-tomara-posse-na-abl-com-vestido-feito-na-portela-e-vontade-de-popularizar-academia\/\" rel=\"nofollow noopener\" target=\"_blank\">Alma Preta<\/a>, que revelou pela primeira vez os trajes, as roupas foram confeccionadas pela escola de <a href=\"https:\/\/www1.folha.uol.com.br\/folha-topicos\/samba\/\" rel=\"nofollow noopener\" target=\"_blank\">samba<\/a> carioca <a href=\"https:\/\/www1.folha.uol.com.br\/folha-topicos\/portela\/\" rel=\"nofollow noopener\" target=\"_blank\">Portela<\/a>, que homenageou sua obra <a href=\"https:\/\/www1.folha.uol.com.br\/paineldoleitor\/2025\/05\/livro-historico-potente-sobre-resistencia-e-negritude-diz-leitora-sobre-um-defeito-de-cor.shtml\" rel=\"nofollow noopener\" target=\"\">&#8220;Um Defeito de Cor&#8221;<\/a> com um enredo em 2024.<\/p>\n<p>O fard\u00e3o costumava ser feito sempre pelo mesmo profissional no Rio, e Gon\u00e7alves disse ao Alma Preta que legou a fun\u00e7\u00e3o ao carnavalesco da Portela, Andr\u00e9 Rodrigues, coordenador de um time de costureiros e bordadeiros que incluiu Jo\u00e3o Vitor Lacombe, Carolina Bomfim, Rayane Costa e Anthony Albuquerque.<\/p>\n<p>A autora de 55 anos \u00e9 apenas a 13\u00aa mulher a tomar posse na hist\u00f3ria de 128 anos da Academia, que tem 40 cadeiras. Hoje a <a href=\"https:\/\/www1.folha.uol.com.br\/folha-topicos\/abl\/\" rel=\"nofollow noopener\" target=\"_blank\">ABL<\/a> tem dois homens negros em seu quadro, Gilberto Gil e Dom\u00edcio Proen\u00e7a Filho, al\u00e9m do <a href=\"https:\/\/www1.folha.uol.com.br\/ilustrada\/2024\/04\/ailton-krenak-toma-posse-na-abl-e-diz-que-sua-eleicao-e-uma-virada-de-pagina.shtml\" rel=\"nofollow noopener\" target=\"\">escritor ind\u00edgena Ailton Krenak<\/a>.<\/p>\n<p>Acad\u00eamicas empossadas recentemente, como a historiadora <a href=\"https:\/\/www1.folha.uol.com.br\/ilustrada\/2024\/06\/lilia-schwarcz-toma-posse-na-abl-e-sauda-sua-abertura-a-populacoes-minorizadas.shtml\" rel=\"nofollow noopener\" target=\"\">Lilia Schwarcz<\/a> e a jornalista <a href=\"https:\/\/www1.folha.uol.com.br\/ilustrada\/2025\/04\/miriam-leitao-e-a-12a-mulher-eleita-para-a-abl-e-passa-a-ocupar-vaga-de-caca-diegues.shtml\" rel=\"nofollow noopener\" target=\"\">M\u00edriam Leit\u00e3o<\/a>, usaram o fard\u00e3o adaptado em terninhos justos.<\/p>\n<p>Ao tomar posse como a primeira mulher na ABL, em 1977, a escritora Rachel de Queiroz usou um vestido, que inspirou o modelo em verde e dourado usado por Gon\u00e7alves agora.<\/p>\n","protected":false},"excerpt":{"rendered":"A escritora Ana Maria Gon\u00e7alves, que toma posse nesta noite como a primeira mulher negra na Academia Brasileira&hellip;\n","protected":false},"author":2,"featured_media":143610,"comment_status":"","ping_status":"","sticky":false,"template":"","format":"standard","meta":{"footnotes":""},"categories":[145],"tags":[9902,5322,21383,2733,211,210,21384,21386,114,115,21385,236,864,237,31651,31650,32,33,5543,31649],"class_list":{"0":"post-143609","1":"post","2":"type-post","3":"status-publish","4":"format-standard","5":"has-post-thumbnail","7":"category-celebridades","8":"tag-abl","9":"tag-ana-maria-goncalves","10":"tag-blocos-de-carnaval","11":"tag-carnaval","12":"tag-celebridades","13":"tag-celebrities","14":"tag-desfile-de-carnaval","15":"tag-desfile-de-carnaval-rj","16":"tag-entertainment","17":"tag-entretenimento","18":"tag-escolas-de-samba","19":"tag-folha","20":"tag-literatura","21":"tag-livro","22":"tag-marques-de-sapucai","23":"tag-portela","24":"tag-portugal","25":"tag-pt","26":"tag-samba","27":"tag-um-defeito-de-cor"},"share_on_mastodon":{"url":"https:\/\/pubeurope.com\/@pt\/115511187437799696","error":""},"_links":{"self":[{"href":"https:\/\/www.europesays.com\/pt\/wp-json\/wp\/v2\/posts\/143609","targetHints":{"allow":["GET"]}}],"collection":[{"href":"https:\/\/www.europesays.com\/pt\/wp-json\/wp\/v2\/posts"}],"about":[{"href":"https:\/\/www.europesays.com\/pt\/wp-json\/wp\/v2\/types\/post"}],"author":[{"embeddable":true,"href":"https:\/\/www.europesays.com\/pt\/wp-json\/wp\/v2\/users\/2"}],"replies":[{"embeddable":true,"href":"https:\/\/www.europesays.com\/pt\/wp-json\/wp\/v2\/comments?post=143609"}],"version-history":[{"count":0,"href":"https:\/\/www.europesays.com\/pt\/wp-json\/wp\/v2\/posts\/143609\/revisions"}],"wp:featuredmedia":[{"embeddable":true,"href":"https:\/\/www.europesays.com\/pt\/wp-json\/wp\/v2\/media\/143610"}],"wp:attachment":[{"href":"https:\/\/www.europesays.com\/pt\/wp-json\/wp\/v2\/media?parent=143609"}],"wp:term":[{"taxonomy":"category","embeddable":true,"href":"https:\/\/www.europesays.com\/pt\/wp-json\/wp\/v2\/categories?post=143609"},{"taxonomy":"post_tag","embeddable":true,"href":"https:\/\/www.europesays.com\/pt\/wp-json\/wp\/v2\/tags?post=143609"}],"curies":[{"name":"wp","href":"https:\/\/api.w.org\/{rel}","templated":true}]}}