{"id":143611,"date":"2025-11-08T00:15:07","date_gmt":"2025-11-08T00:15:07","guid":{"rendered":"https:\/\/www.europesays.com\/pt\/143611\/"},"modified":"2025-11-08T00:15:07","modified_gmt":"2025-11-08T00:15:07","slug":"que-coincidencia-antes-de-secret-story-pedro-jorge-deixou-mensagem-enigmatica-sobre-ciumes-e-marisa-respondeu","status":"publish","type":"post","link":"https:\/\/www.europesays.com\/pt\/143611\/","title":{"rendered":"Que coincid\u00eancia! Antes de &#8220;Secret Story&#8221;, Pedro Jorge deixou mensagem enigm\u00e1tica sobre ci\u00fames&#8230; e Marisa respondeu!"},"content":{"rendered":"<p>Os ci\u00fames t\u00eam estado na origem de grande parte das discuss\u00f5es que Marisa Pires e Pedro Jorge protagonizam na nona edi\u00e7\u00e3o de &#8220;Secret Story &#8211; Casa dos Segredos&#8221;. E foi precisamente sobre isto que, h\u00e1 cinco anos, o agora concorrente do reality show da <a href=\"https:\/\/tvi.iol.pt\/\" target=\"_blank\" rel=\"nofollow noopener\">TVI<\/a> partilhar uma mensagem com os seguidores do Instagram.<\/p>\n<p>&#8220;O homem tolo faz a sua mulher sentir ci\u00fame das outras mulheres. O homem s\u00e1bio faz as outras mulheres admirarem a sua&#8221;, escreveu <a href=\"https:\/\/selfie.iol.pt\/famosos\/casa-dos-segredos-9\/secret-story-equipa-de-pedro-jorge-reage-a-conquista-mas-deixa-alerta-marcante\/20251107\/690e36bdd34e3caad84b0a28\" target=\"_blank\" rel=\"nofollow noopener\">Pedro Jorge<\/a>, somando um emoji em forma de cora\u00e7\u00e3o, a 19 de maio de 2020. A reflex\u00e3o veio acompanhada de uma fotografia do casal, c\u00famplice e apaixonado.<\/p>\n<p>Na sec\u00e7\u00e3o de coment\u00e1rios da referida publica\u00e7\u00e3o, <a href=\"https:\/\/selfie.iol.pt\/famosos\/casa-dos-segredos-9\/revelado-conselho-que-mae-de-pedro-jorge-deu-ao-casal-antes-de-secret-story-ainda-nao-adivinhava-o-que-vinha-ai\/20251106\/690ce0bbd34e3caad84afdc8\" target=\"_blank\" rel=\"nofollow noopener\">Marisa Pires<\/a> reagiu: &#8220;Por isso \u00e9 que te amo, meu amor&#8221;.<\/p>\n<p>Veja, agora, v\u00eddeos de Marisa Pires e Pedro Jorge em &#8220;<a href=\"https:\/\/tvi.iol.pt\/secretstory\/\" target=\"_blank\" rel=\"nofollow noopener\">Secret Story<\/a> &#8211; Casa dos Segredos&#8221;.<\/p>\n<blockquote class=\"instagram-media\" data-instgrm-captioned=\"\" data-instgrm-permalink=\"https:\/\/www.instagram.com\/p\/CAYFarwhYPm\/?utm_source=ig_embed&amp;utm_campaign=loading\" data-instgrm-version=\"14\" style=\" background:#FFF; border:0; border-radius:3px; box-shadow:0 0 1px 0 rgba(0,0,0,0.5),0 1px 10px 0 rgba(0,0,0,0.15); margin: 1px; max-width:540px; min-width:326px; padding:0; width:99.375%; width:-webkit-calc(100% - 2px); width:calc(100% - 2px);\">\n<\/blockquote>\n<p>\u00a0<\/p>\n<p>                        <script async src=\"\/\/www.instagram.com\/embed.js\"><\/script><\/p>\n","protected":false},"excerpt":{"rendered":"Os ci\u00fames t\u00eam estado na origem de grande parte das discuss\u00f5es que Marisa Pires e Pedro Jorge protagonizam&hellip;\n","protected":false},"author":2,"featured_media":139906,"comment_status":"","ping_status":"","sticky":false,"template":"","format":"standard","meta":{"footnotes":""},"categories":[142],"tags":[2632,13471,6338,328,114,115,980,1015,19184,21766,619,14646,21416,32,33,1014,1315,6985,16687,16686,1012,6986,16688,151,162],"class_list":{"0":"post-143611","1":"post","2":"type-post","3":"status-publish","4":"format-standard","5":"has-post-thumbnail","7":"category-tv","8":"tag-casa-dos-segredos","9":"tag-casa-dos-segredos-9","10":"tag-concorrente","11":"tag-concorrentes","12":"tag-entertainment","13":"tag-entretenimento","14":"tag-famosos","15":"tag-instagram","16":"tag-marisa","17":"tag-marisa-pires","18":"tag-nacional","19":"tag-pedro","20":"tag-pedro-jorge","21":"tag-portugal","22":"tag-pt","23":"tag-reality-show","24":"tag-secret-story","25":"tag-secret-story-casa-dos-segredos","26":"tag-secret-story-casa-dos-segredos-9","27":"tag-secret-story-9","28":"tag-selfie","29":"tag-ss","30":"tag-ss9","31":"tag-tv","32":"tag-tvi"},"share_on_mastodon":{"url":"https:\/\/pubeurope.com\/@pt\/115511199177576567","error":""},"_links":{"self":[{"href":"https:\/\/www.europesays.com\/pt\/wp-json\/wp\/v2\/posts\/143611","targetHints":{"allow":["GET"]}}],"collection":[{"href":"https:\/\/www.europesays.com\/pt\/wp-json\/wp\/v2\/posts"}],"about":[{"href":"https:\/\/www.europesays.com\/pt\/wp-json\/wp\/v2\/types\/post"}],"author":[{"embeddable":true,"href":"https:\/\/www.europesays.com\/pt\/wp-json\/wp\/v2\/users\/2"}],"replies":[{"embeddable":true,"href":"https:\/\/www.europesays.com\/pt\/wp-json\/wp\/v2\/comments?post=143611"}],"version-history":[{"count":0,"href":"https:\/\/www.europesays.com\/pt\/wp-json\/wp\/v2\/posts\/143611\/revisions"}],"wp:featuredmedia":[{"embeddable":true,"href":"https:\/\/www.europesays.com\/pt\/wp-json\/wp\/v2\/media\/139906"}],"wp:attachment":[{"href":"https:\/\/www.europesays.com\/pt\/wp-json\/wp\/v2\/media?parent=143611"}],"wp:term":[{"taxonomy":"category","embeddable":true,"href":"https:\/\/www.europesays.com\/pt\/wp-json\/wp\/v2\/categories?post=143611"},{"taxonomy":"post_tag","embeddable":true,"href":"https:\/\/www.europesays.com\/pt\/wp-json\/wp\/v2\/tags?post=143611"}],"curies":[{"name":"wp","href":"https:\/\/api.w.org\/{rel}","templated":true}]}}