{"id":143617,"date":"2025-11-08T00:21:14","date_gmt":"2025-11-08T00:21:14","guid":{"rendered":"https:\/\/www.europesays.com\/pt\/143617\/"},"modified":"2025-11-08T00:21:14","modified_gmt":"2025-11-08T00:21:14","slug":"foi-um-trauma-ouvir-o-que-ela-disse-o-meu-filho-nao-e-violento","status":"publish","type":"post","link":"https:\/\/www.europesays.com\/pt\/143617\/","title":{"rendered":"\u201cFoi um trauma ouvir o que ela disse. O meu filho n\u00e3o \u00e9 violento\u201d"},"content":{"rendered":"<p>Atenta ao <a href=\"https:\/\/tvi.iol.pt\/secretstory\" rel=\"nofollow noopener\" target=\"_blank\">Secret Story<\/a>, M\u00e3e de <a href=\"https:\/\/infocul.pt\/atenta-ao-secret-story-ines-morais-dispara-no-extra-eles-estao-a-atacar-o-pedro-mas-usam-a-marisa-para-o-fazer\/\" rel=\"nofollow noopener\" target=\"_blank\">Pedro Jorge<\/a> em choque com Marisa: \u201cFoi um trauma ouvir o que ela disse. O meu filho n\u00e3o \u00e9 violento\u201d, disse.<\/p>\n<p>Fam\u00edlia de Pedro Jorge reage \u00e0s discuss\u00f5es na \u201cCasa dos Segredos\u201d<\/p>\n<p>As discuss\u00f5es intensas entre <strong>Marisa<\/strong> e <strong>Pedro Jorge<\/strong>, concorrentes da atual edi\u00e7\u00e3o da <strong>Casa dos Segredos<\/strong>, t\u00eam deixado marcas fora da casa. As declara\u00e7\u00f5es trocadas entre o casal est\u00e3o a preocupar as respetivas fam\u00edlias, especialmente <strong>Regina<\/strong>, m\u00e3e do concorrente, que revelou ter vivido dias muito complicados.<\/p>\n<p>Durante a sua participa\u00e7\u00e3o no programa <strong>\u201cDois \u00e0s 10\u201d<\/strong>, da TVI, Regina abriu o cora\u00e7\u00e3o e confessou o impacto que as palavras de Marisa tiveram em si.<br \/><strong>\u201cComo eu disse, foram uns dias muito complicados. Para mim foi um trauma eu ouvir a Marisa falar conforme falou, porque o meu filho n\u00e3o \u00e9 uma pessoa violenta, n\u00e3o \u00e9 agressivo. Impulsivo, sim, e genu\u00edno, quando ele diz as coisas \u00e9 logo na hora, n\u00e3o guarda.\u201d<\/strong>, desabafou.<\/p>\n<p>A m\u00e3e de Pedro Jorge explicou ainda que a sua principal preocupa\u00e7\u00e3o foi proteger os netos da exposi\u00e7\u00e3o p\u00fablica.<br \/><strong>\u201cQuando ouvi o que a Marisa disse, chocou-me, e eu s\u00f3 pensei em salvaguardar os meninos, de n\u00e3o terem acesso absolutamente nenhum a esse conte\u00fado.\u201d<\/strong>, afirmou.<\/p>\n<p>\u201cAcho que a rela\u00e7\u00e3o deles vai sair mais forte\u201d<\/p>\n<p>Durante o debate no matutino da TVI, <strong>Cl\u00e1udio Ramos<\/strong> levantou a hip\u00f3tese de a rela\u00e7\u00e3o de Marisa e Pedro Jorge n\u00e3o resistir ao desgaste do jogo. No entanto, a <strong>irm\u00e3 de Marisa<\/strong> acredita exatamente no oposto.<\/p>\n<p><strong>\u201cAcho at\u00e9 que vem mais forte, porque eles ali est\u00e3o numa realidade completamente diferente, n\u00e3o est\u00e3o com as pessoas deles. Muitas vezes h\u00e1 ali pessoas que eles n\u00e3o gostam e que t\u00eam de aprender a viver com elas.\u201d<\/strong>, defendeu.<\/p>\n<p>A irm\u00e3 lembrou tamb\u00e9m que, dentro da casa, o conv\u00edvio \u00e9 inevit\u00e1vel, o que obriga os concorrentes a lidar com os conflitos de outra forma.<br \/><strong>\u201cEla disse que n\u00e3o pode virar as costas sempre que se chateia com algu\u00e9m. Est\u00e3o na mesma casa, n\u00e3o d\u00e1 para simplesmente dizer, eu n\u00e3o gosto de ti, n\u00e3o falo mais contigo.\u201d<\/strong>, explicou.<\/p>\n<p>\u201cAquilo \u00e9 um jogo, e \u00e9 importante que todos saibam isso\u201d<\/p>\n<p>A irm\u00e3 de Marisa destacou ainda que muitas das atitudes dos concorrentes s\u00e3o condicionadas pelas miss\u00f5es e din\u00e2micas propostas pela produ\u00e7\u00e3o do programa.<br \/><strong>\u201cAquilo \u00e9 um jogo, e \u00e9 importante que todos saibam isso tamb\u00e9m.\u201d<\/strong>, afirmou, lembrando que o comportamento dentro da casa nem sempre reflete a realidade c\u00e1 fora.<\/p>\n<p>Apesar disso, reconheceu que ambos erraram.<br \/><strong>\u201cSe fosse s\u00f3 um lado, seria mais dif\u00edcil entender o outro. Mas neste caso ambos se portaram mal.\u201d<\/strong>, admitiu.<\/p>\n<p>\u201cA preocupa\u00e7\u00e3o agora s\u00e3o os meninos\u201d<\/p>\n<p>No final, a irm\u00e3 de Marisa mostrou-se solid\u00e1ria com a m\u00e3e de Pedro Jorge, sublinhando que as maiores preocupa\u00e7\u00f5es est\u00e3o fora do jogo.<br \/><strong>\u201cAcho que estou a falar pela Regina, m\u00e3e do Pedro, quando digo que neste momento a preocupa\u00e7\u00e3o s\u00e3o os meninos. Eles l\u00e1 dentro podem estar a sofrer, mas est\u00e3o numa bolha, n\u00e3o t\u00eam no\u00e7\u00e3o do impacto. N\u00f3s c\u00e1 fora sentimos tudo.\u201d<\/strong>, concluiu.<\/p>\n<p><a href=\"https:\/\/news.google.com\/publications\/CAAqBwgKMKfIoAswtNK4Aw\" target=\"_blank\" rel=\"noopener noreferrer nofollow\"><img loading=\"lazy\" data-lazyloaded=\"1\" width=\"481\" height=\"161\" decoding=\"async\" src=\"\/wp-content\/uploads\/2024\/02\/GN_siganos.png\" alt=\"Siga-nos no Google News\" style=\"margin-top:20px;\"\/><\/a><\/p>\n","protected":false},"excerpt":{"rendered":"Atenta ao Secret Story, M\u00e3e de Pedro Jorge em choque com Marisa: \u201cFoi um trauma ouvir o que&hellip;\n","protected":false},"author":2,"featured_media":143618,"comment_status":"","ping_status":"","sticky":false,"template":"","format":"standard","meta":{"footnotes":""},"categories":[85],"tags":[2632,801,114,115,21416,32,33],"class_list":{"0":"post-143617","1":"post","2":"type-post","3":"status-publish","4":"format-standard","5":"has-post-thumbnail","7":"category-entretenimento","8":"tag-casa-dos-segredos","9":"tag-dois-as-10","10":"tag-entertainment","11":"tag-entretenimento","12":"tag-pedro-jorge","13":"tag-portugal","14":"tag-pt"},"share_on_mastodon":{"url":"https:\/\/pubeurope.com\/@pt\/115511223008637912","error":""},"_links":{"self":[{"href":"https:\/\/www.europesays.com\/pt\/wp-json\/wp\/v2\/posts\/143617","targetHints":{"allow":["GET"]}}],"collection":[{"href":"https:\/\/www.europesays.com\/pt\/wp-json\/wp\/v2\/posts"}],"about":[{"href":"https:\/\/www.europesays.com\/pt\/wp-json\/wp\/v2\/types\/post"}],"author":[{"embeddable":true,"href":"https:\/\/www.europesays.com\/pt\/wp-json\/wp\/v2\/users\/2"}],"replies":[{"embeddable":true,"href":"https:\/\/www.europesays.com\/pt\/wp-json\/wp\/v2\/comments?post=143617"}],"version-history":[{"count":0,"href":"https:\/\/www.europesays.com\/pt\/wp-json\/wp\/v2\/posts\/143617\/revisions"}],"wp:featuredmedia":[{"embeddable":true,"href":"https:\/\/www.europesays.com\/pt\/wp-json\/wp\/v2\/media\/143618"}],"wp:attachment":[{"href":"https:\/\/www.europesays.com\/pt\/wp-json\/wp\/v2\/media?parent=143617"}],"wp:term":[{"taxonomy":"category","embeddable":true,"href":"https:\/\/www.europesays.com\/pt\/wp-json\/wp\/v2\/categories?post=143617"},{"taxonomy":"post_tag","embeddable":true,"href":"https:\/\/www.europesays.com\/pt\/wp-json\/wp\/v2\/tags?post=143617"}],"curies":[{"name":"wp","href":"https:\/\/api.w.org\/{rel}","templated":true}]}}