{"id":143621,"date":"2025-11-08T00:25:32","date_gmt":"2025-11-08T00:25:32","guid":{"rendered":"https:\/\/www.europesays.com\/pt\/143621\/"},"modified":"2025-11-08T00:25:32","modified_gmt":"2025-11-08T00:25:32","slug":"acorda-andrezito-isaltino-ataca-ventura-de-tutti-frutti-a-borrado-da-gabriela-a-opera-bufa","status":"publish","type":"post","link":"https:\/\/www.europesays.com\/pt\/143621\/","title":{"rendered":"&#8220;Acorda, Andrezito!&#8221;. Isaltino ataca Ventura: de Tutti-Frutti a borrado, da Gabriela \u00e0 \u00f3pera-bufa"},"content":{"rendered":"<p><img decoding=\"async\" loading=\"lazy\" class=\"wp-image-710142 size-kopa-image-size-3\" src=\"https:\/\/www.europesays.com\/pt\/wp-content\/uploads\/2025\/11\/a7fb3a0fbb2ca72834fead62a26eebb9-783x450.jpg\" alt=\"\" width=\"700\" height=\"402\"  \/><\/p>\n<p><strong>\u201cN\u00e3o passas de um cobardolas\u201d. A guerra continua entre o \u201cmonstrinho\u201d e o \u201cladr\u00e3o\u201d.<br \/><\/strong><\/p>\n<p>A guerra continua. O presidente da C\u00e2mara Municipal de Oeiras, <strong>Isaltino Morais<\/strong>, voltou a atacar o l\u00edder do Chega, Andr\u00e9 Ventura nas redes sociais em que o apelida de<strong> \u201ccobardolas\u201d <\/strong>e<strong> \u201cbully\u201d<\/strong> que hostiliza jornalistas.<\/p>\n<p>Em rea\u00e7\u00e3o \u00e0 recente entrevista de Andr\u00e9 Ventura na CNN Portugal, durante a qual o l\u00edder do Chega abandonou o est\u00fadio ap\u00f3s uma troca de palavras com os comentadores Pedro Costa e Francisco Rodrigues dos Santos, Isaltino deixa a dica: \u201cQuem lidera n\u00e3o foge, um homem a s\u00e9rio n\u00e3o foge\u201d.<\/p>\n<p>\u201cEu n\u00e3o vos disse que Andrezito n\u00e3o passava de um cobarde? \u00c9 t\u00e3o bully que entra nas entrevistas a hostilizar jornalistas, n\u00e3o gosta de ser confrontado. Ficou atrapalhado por ter \u00e0 frente um jornalista que n\u00e3o se acobardou com os seus ataques, juntamente com o Chic\u00e3o e o Costa. E fugiu\u201d, declara, refor\u00e7ando: \u201cEu disse que ele n\u00e3o passava de um cobarde.\u201d<\/p>\n<p><strong>\u201cSe antes era o Andr\u00e9 Tutti-Frutti, agora \u00e9 o Andr\u00e9 borrado<\/strong>. Foge, Andr\u00e9sito, foge. Tu foges porque n\u00e3o passas de um cobardolas, que quando n\u00e3o controla a situa\u00e7\u00e3o, vai embora. Afinal, o Andr\u00e9sito \u00e9 um menino\u201d, atira o autarca de Oeiras, em refer\u00eancia ao caso \u201cTutti Frutti\u201d, que envolve dirigentes do PS e do PSD e teve o nome de Ventura <a href=\"https:\/\/zap.aeiou.pt\/frankenstein-acaime-ventura-tutti-frutti-537864\" data-wpel-link=\"internal\" rel=\"nofollow noopener\" target=\"_blank\">envolvido<\/a>.<\/p>\n<p>Na mensagem, Isaltino acusa ainda Ventura de alimentar o \u201centretenimento pelo \u00f3dio\u201d, culpando tamb\u00e9m a comunica\u00e7\u00e3o social por dar palco a esse tipo de discurso.<\/p>\n<p>\u201cEste gosto do entretenimento pelo \u00f3dio est\u00e1 a corroer nas nossas sociedades. H\u00e1 50 anos, o pa\u00eds parava para ver a novela da Gabriela, uma morena de esp\u00edrito livre. Passamos de uma novela com base no romance do Jorge Amado para a \u00f3pera-bufa de um monstrinho que berra, mente, amea\u00e7a os mais fr\u00e1geis e que, quando confrontado de frente, amua. Cultural e esteticamente, acho que estamos a perder qualidades\u201d, confessa Isaltino Morais.<\/p>\n<blockquote class=\"instagram-media\" style=\"background: #FFF; border: 0; border-radius: 3px; box-shadow: 0 0 1px 0 rgba(0,0,0,0.5),0 1px 10px 0 rgba(0,0,0,0.15); margin: 1px; max-width: 540px; min-width: 326px; padding: 0; width: calc(100% - 2px);\" data-instgrm-captioned=\"\" data-instgrm-permalink=\"https:\/\/www.instagram.com\/reel\/DQrwEEzCiXM\/?utm_source=ig_embed&amp;utm_campaign=loading\" data-instgrm-version=\"14\">\n<\/blockquote>\n<p>At\u00e9 ao momento, Andr\u00e9 Ventura n\u00e3o reagiu publicamente \u00e0s declara\u00e7\u00f5es do autarca, mas certamente podemos esperar mais um cap\u00edtulo nesta constante troca de insultos e acusa\u00e7\u00f5es. Isto porque n\u00e3o \u00e9 a primeira vez que os dois \u201cse picam\u201d.<\/p>\n<p>H\u00e1 pouco mais de um m\u00eas, j\u00e1 o autarca de 75 anos <a href=\"https:\/\/zap.aeiou.pt\/ventura-isaltino-701818\" data-wpel-link=\"internal\" rel=\"nofollow noopener\" target=\"_blank\">chamava<\/a> <strong>\u201cpequeno ditador, mentiroso compulsivo e cobarde\u201d<\/strong> a Ventura em <a href=\"https:\/\/www.instagram.com\/isaltinomorais.oficial\/reel\/DOy8P9pCq5g\/?hl=en\" data-wpel-link=\"external\" target=\"_blank\" rel=\"nofollow external noopener noreferrer\" class=\"ext-link\">mensagem<\/a> dirigida ao l\u00edder do Chega no Instagram. A\u00ed, Ventura <a href=\"https:\/\/x.com\/AndreCVentura\/status\/1969379620035105142?ref_src=twsrc%5Etfw%7Ctwcamp%5Etweetembed%7Ctwterm%5E1969379620035105142%7Ctwgr%5Ee8412583dc0c5a474c98382b812b14853a035bd5%7Ctwcon%5Es1_&amp;ref_url=https%3A%2F%2Fsicnoticias.pt%2Fpais%2F2025-09-20-ventura-da-troco-a-isaltino-sou-o-monstro-que-vos-vai-perseguir-a-todos-corruptos-e-ladroes-d16b9bf0\" data-wpel-link=\"external\" target=\"_blank\" rel=\"nofollow external noopener noreferrer\" class=\"ext-link\">respondeu<\/a>.<\/p>\n<p>\u201cSou o monstro que vos vai perseguir a todos, corruptos e ladr\u00f5es\u201d, escreveu Andr\u00e9 Ventura em resposta ao autarca.<\/p>\n<p>    <a href=\"https:\/\/zap.aeiou.pt\/subscrever-newsletter\" data-wpel-link=\"internal\" rel=\"nofollow noopener\" target=\"_blank\">&#13;<br \/>\n        <img loading=\"lazy\" decoding=\"async\" class=\"aligncenter size-full wp-image-575475\" src=\"https:\/\/www.europesays.com\/pt\/wp-content\/uploads\/2025\/10\/1759862234_971_2d51fe4a0ba54894421ead1809309ed9-1-450x140.jpg\" alt=\"Subscreva a Newsletter ZAP\" width=\"450\" height=\"140\"\/>&#13;<br \/>\n    <\/a><\/p>\n<p>                <a href=\"https:\/\/whatsapp.com\/channel\/0029VaIC4EE2f3EJZPPSbR34\" data-wpel-link=\"external\" target=\"_blank\" rel=\"nofollow external noopener noreferrer\" class=\"ext-link\">&#13;<br \/>\n                    <img loading=\"lazy\" decoding=\"async\" class=\"aligncenter size-full wp-image-575475\" src=\"https:\/\/www.europesays.com\/pt\/wp-content\/uploads\/2025\/10\/1759862234_512_c68c559d956d4ca20f435ed74a6e71e6.png\" alt=\"Siga-nos no WhatsApp\" width=\"175\" height=\"64\"\/>&#13;<br \/>\n                <\/a><\/p>\n<p>                <a href=\"https:\/\/news.google.com\/publications\/CAAiEHRwZondIV71PDjWNoqMduEqFAgKIhB0cGaJ3SFe9Tw41jaKjHbh?hl=en-US&amp;gl=US&amp;ceid=US%3Aen\" data-wpel-link=\"external\" target=\"_blank\" rel=\"nofollow external noopener noreferrer\" class=\"ext-link\">&#13;<br \/>\n                    <img loading=\"lazy\" decoding=\"async\" class=\"aligncenter size-full wp-image-575475\" src=\"https:\/\/www.europesays.com\/pt\/wp-content\/uploads\/2025\/10\/1759862235_242_5123dd8b087b644fdb8f8603acd1bad4.png\" alt=\"Siga-nos no Google News\" width=\"176\" height=\"64\"\/>&#13;<br \/>\n                <\/a><\/p>\n<p>                <script async src=\"\/\/www.instagram.com\/embed.js\"><\/script><\/p>\n","protected":false},"excerpt":{"rendered":"\u201cN\u00e3o passas de um cobardolas\u201d. A guerra continua entre o \u201cmonstrinho\u201d e o \u201cladr\u00e3o\u201d. A guerra continua. O&hellip;\n","protected":false},"author":2,"featured_media":143622,"comment_status":"","ping_status":"","sticky":false,"template":"","format":"standard","meta":{"footnotes":""},"categories":[10],"tags":[3386,27,28,269,1736,15,16,14,21074,25,26,21,22,12,13,19,20,52,32,23,24,4579,33,17,18,29,30,31],"class_list":{"0":"post-143621","1":"post","2":"type-post","3":"status-publish","4":"format-standard","5":"has-post-thumbnail","7":"category-portugal","8":"tag-andre-ventura","9":"tag-breaking-news","10":"tag-breakingnews","11":"tag-capa","12":"tag-chega","13":"tag-featured-news","14":"tag-featurednews","15":"tag-headlines","16":"tag-isaltino-de-morais","17":"tag-latest-news","18":"tag-latestnews","19":"tag-main-news","20":"tag-mainnews","21":"tag-news","22":"tag-noticias","23":"tag-noticias-principais","24":"tag-noticiasprincipais","25":"tag-politica","26":"tag-portugal","27":"tag-principais-noticias","28":"tag-principaisnoticias","29":"tag-psd","30":"tag-pt","31":"tag-top-stories","32":"tag-topstories","33":"tag-ultimas","34":"tag-ultimas-noticias","35":"tag-ultimasnoticias"},"share_on_mastodon":{"url":"https:\/\/pubeurope.com\/@pt\/115511238685376026","error":""},"_links":{"self":[{"href":"https:\/\/www.europesays.com\/pt\/wp-json\/wp\/v2\/posts\/143621","targetHints":{"allow":["GET"]}}],"collection":[{"href":"https:\/\/www.europesays.com\/pt\/wp-json\/wp\/v2\/posts"}],"about":[{"href":"https:\/\/www.europesays.com\/pt\/wp-json\/wp\/v2\/types\/post"}],"author":[{"embeddable":true,"href":"https:\/\/www.europesays.com\/pt\/wp-json\/wp\/v2\/users\/2"}],"replies":[{"embeddable":true,"href":"https:\/\/www.europesays.com\/pt\/wp-json\/wp\/v2\/comments?post=143621"}],"version-history":[{"count":0,"href":"https:\/\/www.europesays.com\/pt\/wp-json\/wp\/v2\/posts\/143621\/revisions"}],"wp:featuredmedia":[{"embeddable":true,"href":"https:\/\/www.europesays.com\/pt\/wp-json\/wp\/v2\/media\/143622"}],"wp:attachment":[{"href":"https:\/\/www.europesays.com\/pt\/wp-json\/wp\/v2\/media?parent=143621"}],"wp:term":[{"taxonomy":"category","embeddable":true,"href":"https:\/\/www.europesays.com\/pt\/wp-json\/wp\/v2\/categories?post=143621"},{"taxonomy":"post_tag","embeddable":true,"href":"https:\/\/www.europesays.com\/pt\/wp-json\/wp\/v2\/tags?post=143621"}],"curies":[{"name":"wp","href":"https:\/\/api.w.org\/{rel}","templated":true}]}}