{"id":143630,"date":"2025-11-08T00:33:12","date_gmt":"2025-11-08T00:33:12","guid":{"rendered":"https:\/\/www.europesays.com\/pt\/143630\/"},"modified":"2025-11-08T00:33:12","modified_gmt":"2025-11-08T00:33:12","slug":"oficial-andre-franco-deixa-fc-porto-e-assina-em-definitivo-pelo-chicago-fire","status":"publish","type":"post","link":"https:\/\/www.europesays.com\/pt\/143630\/","title":{"rendered":"OFICIAL: Andr\u00e9 Franco deixa FC Porto e assina em definitivo pelo Chicago Fire"},"content":{"rendered":"<p style=\"margin-bottom:11px\">Andr\u00e9 Franco foi contratado a t\u00edtulo definitivo pelos norte-americanos do Chicago Fire, da MLS, com v\u00ednculo v\u00e1lido at\u00e9 2028. O m\u00e9dio estava emprestado pelo FC Porto e rendeu cerca de 650 mil euros aos drag\u00f5es, que reservam metade dos direitos econ\u00f3micos.<\/p>\n<p>De acordo com o FC Porto, cerca de 260 mil euros v\u00e3o ser pagos em janeiro, enquanto o montante remanescente vai ser\u00a0pago em janeiro de 2027 e em janeiro de 2028.<\/p>\n<p>Desde a chegada aos Estados Unidos, Andr\u00e9 Franco registou seis jogos \u2013 cinco dos quais como titular \u2013 e acumulou quatro assist\u00eancias. Todavia, em outubro, <a href=\"https:\/\/maisfutebol.iol.pt\/made-in\/andre-franco\/andre-franco-operado-a-rotura-de-ligamentos-no-joelho-direito\" rel=\"nofollow noopener\" target=\"_blank\">sofreu uma rotura de ligamentos no joelho direito<\/a>.<\/p>\n<p>Lisboeta de 27 anos, o m\u00e9dio fez forma\u00e7\u00e3o no Sporting, com passagem por Belenenses e Estoril, at\u00e9 assinar pelo FC Porto em 2022, a troco de quatro milh\u00f5es. Seguiram-se 71 jogos de drag\u00e3o ao peito, com cinco golos e quatro assist\u00eancias, al\u00e9m das conquistas de Ta\u00e7a de Portugal (duas), Superta\u00e7a e Ta\u00e7a da Liga.<\/p>\n","protected":false},"excerpt":{"rendered":"Andr\u00e9 Franco foi contratado a t\u00edtulo definitivo pelos norte-americanos do Chicago Fire, da MLS, com v\u00ednculo v\u00e1lido at\u00e9&hellip;\n","protected":false},"author":2,"featured_media":143631,"comment_status":"","ping_status":"","sticky":false,"template":"","format":"standard","meta":{"footnotes":""},"categories":[87],"tags":[9492,9493,135,282,82,436,46,40,41,12644,6020,729,462,32,33,47,134,35],"class_list":{"0":"post-143630","1":"post","2":"type-post","3":"status-publish","4":"format-standard","5":"has-post-thumbnail","7":"category-desporto","8":"tag-andre-franco","9":"tag-chicago-fire","10":"tag-desporto","11":"tag-fc-porto","12":"tag-internacional","13":"tag-made-in","14":"tag-maisfutebol","15":"tag-maistransferencias","16":"tag-mercado-de-transferencias","17":"tag-mercado-fc-porto","18":"tag-mls","19":"tag-oficial","20":"tag-porto","21":"tag-portugal","22":"tag-pt","23":"tag-pura-paixao","24":"tag-sports","25":"tag-transferencias"},"share_on_mastodon":{"url":"https:\/\/pubeurope.com\/@pt\/115511270918389123","error":""},"_links":{"self":[{"href":"https:\/\/www.europesays.com\/pt\/wp-json\/wp\/v2\/posts\/143630","targetHints":{"allow":["GET"]}}],"collection":[{"href":"https:\/\/www.europesays.com\/pt\/wp-json\/wp\/v2\/posts"}],"about":[{"href":"https:\/\/www.europesays.com\/pt\/wp-json\/wp\/v2\/types\/post"}],"author":[{"embeddable":true,"href":"https:\/\/www.europesays.com\/pt\/wp-json\/wp\/v2\/users\/2"}],"replies":[{"embeddable":true,"href":"https:\/\/www.europesays.com\/pt\/wp-json\/wp\/v2\/comments?post=143630"}],"version-history":[{"count":0,"href":"https:\/\/www.europesays.com\/pt\/wp-json\/wp\/v2\/posts\/143630\/revisions"}],"wp:featuredmedia":[{"embeddable":true,"href":"https:\/\/www.europesays.com\/pt\/wp-json\/wp\/v2\/media\/143631"}],"wp:attachment":[{"href":"https:\/\/www.europesays.com\/pt\/wp-json\/wp\/v2\/media?parent=143630"}],"wp:term":[{"taxonomy":"category","embeddable":true,"href":"https:\/\/www.europesays.com\/pt\/wp-json\/wp\/v2\/categories?post=143630"},{"taxonomy":"post_tag","embeddable":true,"href":"https:\/\/www.europesays.com\/pt\/wp-json\/wp\/v2\/tags?post=143630"}],"curies":[{"name":"wp","href":"https:\/\/api.w.org\/{rel}","templated":true}]}}