{"id":143634,"date":"2025-11-08T00:41:08","date_gmt":"2025-11-08T00:41:08","guid":{"rendered":"https:\/\/www.europesays.com\/pt\/143634\/"},"modified":"2025-11-08T00:41:08","modified_gmt":"2025-11-08T00:41:08","slug":"pioneiro-do-adn-morreu-james-watson-aos-97-anos","status":"publish","type":"post","link":"https:\/\/www.europesays.com\/pt\/143634\/","title":{"rendered":"Pioneiro do ADN. Morreu James Watson aos 97 anos"},"content":{"rendered":"<p>&#13;<br \/>\nVencedor do Pr\u00e9mio Nobel da Medicina em 1962, James Watson era curador\u00a0da funda\u00e7\u00e3o Champalimaud. <b>Em comunicado, a presidente da funda\u00e7\u00e3o, Leonor Beleza, assinala que as suas descobertas &#8220;foram determinantes&#8221; para o rumo da ci\u00eancia.\u00a0&#13;<br \/>\n<\/b>&#13;\n<\/p>\n<p>&#13;<br \/>\n<b>&#8220;A Funda\u00e7\u00e3o Champalimaud estar\u00e1 para sempre em d\u00edvida com James Watson e ele \u00e9 parte do ADN da Funda\u00e7\u00e3o&#8221;<\/b>, vincou. &#13;\n<\/p>\n<p>&#13;<br \/>\nJames Watson nasceu a 6 de abril de 1928 em Chicago, nos Estados Unidos. Estudou ornitologia e biologia e acabou por se especializar no trabalho sobre o ADN (\u00e1cido desoxirribonucleico).&#13;\n<\/p>\n<p>&#13;<br \/>\n\u00c0 \u00e9poca, a comunidade cient\u00edfica j\u00e1 sabia que o ADN era portador da informa\u00e7\u00e3o gen\u00e9tica dos seres vivos, sendo composto por quatro tipos de mol\u00e9culas menores, os nucleot\u00eddeos (A, C, T e G). Mas desconhecia-se por completo o seu formato.&#13;\n<\/p>\n<p>&#13;<br \/>\nEm colabora\u00e7\u00e3o com o cientista brit\u00e2nico Francis Crick, James Watson publicou em 1953 um artigo na prestigiada revista cient\u00edfica Nature. Nele, <b>os dois cientistas descrevem pela primeira vez a estrutura de dupla h\u00e9lice do ADN.&#13;<br \/>\n<\/b>&#13;\n<\/p>\n<p>&#13;<br \/>\n<b>O conhecimento desta estrutura possibilitou a compreens\u00e3o de como a informa\u00e7\u00e3o gen\u00e9tica \u00e9 transmitida. <\/b>&#8220;Acreditamos que o ADN seja um c\u00f3digo. Por outras palavras, acreditamos ter encontrado o mecanismo b\u00e1sico de replica\u00e7\u00e3o que d\u00e1 origem \u00e0 vida&#8221;, descreveu Francis Crick, cientista que morreu em 2004.\u00a0&#13;\n<\/p>\n<p>&#13;<br \/>\n\u00c0 \u00e9poca da publica\u00e7\u00e3o do artigo, Crick tinha 36 anos e James Watson tinha apenas 25. Menos de dez anos depois, em 1962, os dois cientistas s\u00e3o laureados com o Pr\u00e9mio Nobel da Medicina, ao lado do biof\u00edsio neozeland\u00eas Maurice Wilkins.\u00a0&#13;\n<\/p>\n<p>&#13;<br \/>\nNas d\u00e9cadas seguintes lecionou na Universidade de Harvard e assumiu a dire\u00e7\u00e3o do laborat\u00f3rio Cold Spring Harbor.\u00a0&#13;\n<\/p>\n<p>&#13;<br \/>\nEm 1990 liderou o Projeto Genoma Humano mas retirou-se dois anos depois, opondo-se \u00e0 ideia de registar patentes nessa \u00e1rea.&#13;\n<\/p>\n<p>&#13;<br \/>\nDeclara\u00e7\u00f5es pol\u00e9micas e uma medalha Nobel leiloada&#13;\n<\/p>\n<p>Ao longo da vida, James Watson foi protagonista de v\u00e1rios momentos controversos, desde logo na d\u00e9cada de 1950, quando fez coment\u00e1rios depreciativos sobre a cientista Rosalind Franklin, outra pioneira no estudo do ADN <a href=\"https:\/\/www.nature.com\/articles\/d41586-023-01313-5\" target=\"_blank\" rel=\"nofollow noopener\">t\u00e3o relevante quanto Watson, Crick ou Maurice Wilkins<\/a>.\u00a0<\/p>\n<p>&#13;<br \/>\nEm 1997, James Watson afirmou que as mulheres deveriam ter direito ao aborto se os exames em sua posse pudessem determinar que o filho seria homossexual.\u00a0&#13;\n<\/p>\n<p>&#13;<br \/>\nDez anos depois, em 2007, em entrevista ao Sunday Times, afirmou que os africanos n\u00e3o eram t\u00e3o inteligentes, declara\u00e7\u00f5es pelas quais viria a pedir desculpa, admitindo que n\u00e3o tinha &#8220;qualquer base cient\u00edfica&#8221; para o defender.\u00a0&#13;\n<\/p>\n<p>&#13;<br \/>\nO laborat\u00f3rio Cold Spring Harbor suspendeu James Watson e for\u00e7ou o cient\u00edsta a renunciar das suas fun\u00e7\u00f5es quando tinha praticamente 80 anos, tendo mais tarde revogado os seus t\u00edtulos honor\u00e1rios.\u00a0&#13;\n<\/p>\n<p>&#13;<br \/>\nEm 2014, ao sentir-se ostracizado pela comunidade cient\u00edfica, Watson leiloou a medalha de Pr\u00e9mio Nobel para doar o valor arrecadado \u00e0s universidades com as quais colaborou.&#13;\n<\/p>\n<p>&#13;<br \/>\nA medalha, adquirida por 4,7 milh\u00f5es de d\u00f3lares por um bilion\u00e1rio russo, viria a ser devolvida ao cientista norte-americana.\u00a0&#13;\n<\/p>\n<p>&#13;<br \/>\ncom ag\u00eancias&#13;<\/p>\n","protected":false},"excerpt":{"rendered":"&#13; Vencedor do Pr\u00e9mio Nobel da Medicina em 1962, James Watson era curador\u00a0da funda\u00e7\u00e3o Champalimaud. Em comunicado, a&hellip;\n","protected":false},"author":2,"featured_media":143635,"comment_status":"","ping_status":"","sticky":false,"template":"","format":"standard","meta":{"footnotes":""},"categories":[84],"tags":[2216,109,107,108,31638,1208,11311,32,33,105,103,104,106,110],"class_list":{"0":"post-143634","1":"post","2":"type-post","3":"status-publish","4":"format-standard","5":"has-post-thumbnail","7":"category-ciencia-e-tecnologia","8":"tag-adn","9":"tag-ciencia","10":"tag-ciencia-e-tecnologia","11":"tag-cienciaetecnologia","12":"tag-james-watson","13":"tag-medicina","14":"tag-nobel","15":"tag-portugal","16":"tag-pt","17":"tag-science","18":"tag-science-and-technology","19":"tag-scienceandtechnology","20":"tag-technology","21":"tag-tecnologia"},"share_on_mastodon":{"url":"https:\/\/pubeurope.com\/@pt\/115511301422440670","error":""},"_links":{"self":[{"href":"https:\/\/www.europesays.com\/pt\/wp-json\/wp\/v2\/posts\/143634","targetHints":{"allow":["GET"]}}],"collection":[{"href":"https:\/\/www.europesays.com\/pt\/wp-json\/wp\/v2\/posts"}],"about":[{"href":"https:\/\/www.europesays.com\/pt\/wp-json\/wp\/v2\/types\/post"}],"author":[{"embeddable":true,"href":"https:\/\/www.europesays.com\/pt\/wp-json\/wp\/v2\/users\/2"}],"replies":[{"embeddable":true,"href":"https:\/\/www.europesays.com\/pt\/wp-json\/wp\/v2\/comments?post=143634"}],"version-history":[{"count":0,"href":"https:\/\/www.europesays.com\/pt\/wp-json\/wp\/v2\/posts\/143634\/revisions"}],"wp:featuredmedia":[{"embeddable":true,"href":"https:\/\/www.europesays.com\/pt\/wp-json\/wp\/v2\/media\/143635"}],"wp:attachment":[{"href":"https:\/\/www.europesays.com\/pt\/wp-json\/wp\/v2\/media?parent=143634"}],"wp:term":[{"taxonomy":"category","embeddable":true,"href":"https:\/\/www.europesays.com\/pt\/wp-json\/wp\/v2\/categories?post=143634"},{"taxonomy":"post_tag","embeddable":true,"href":"https:\/\/www.europesays.com\/pt\/wp-json\/wp\/v2\/tags?post=143634"}],"curies":[{"name":"wp","href":"https:\/\/api.w.org\/{rel}","templated":true}]}}