{"id":143642,"date":"2025-11-08T00:49:13","date_gmt":"2025-11-08T00:49:13","guid":{"rendered":"https:\/\/www.europesays.com\/pt\/143642\/"},"modified":"2025-11-08T00:49:13","modified_gmt":"2025-11-08T00:49:13","slug":"vem-ai-em-terra-forte-flor-desiste-de-lutar-pela-heranca-novelas","status":"publish","type":"post","link":"https:\/\/www.europesays.com\/pt\/143642\/","title":{"rendered":"Vem a\u00ed em \u00abTerra Forte\u00bb: Flor desiste de lutar pela heran\u00e7a? &#8211; Novelas"},"content":{"rendered":"<p>Em \u00abTerra Forte\u00bb, <a href=\"https:\/\/tvi.iol.pt\/novelas\/fotos\/vem-ai-em-terra-forte-em-lagrimas-e-rejeitada-rosa-maria-deixa-flor-para-tras\/68f64dafd34e58bc6797196e\" rel=\"nofollow noopener\" target=\"_blank\">Rosa Maria (Cust\u00f3dia Gallego)<\/a> est\u00e1 furiosa por <a href=\"https:\/\/tvi.iol.pt\/novelas\/videos\/terra-forte-manuel-tira-toda-a-fortuna-alvaro\/68f61d3d0cf285ab53a6aafc\" rel=\"nofollow noopener\" target=\"_blank\">\u00c1lvaro (Jos\u00e9 Wallenstein)<\/a>\u00a0ter vindo ali confrontar <a href=\"https:\/\/tvi.iol.pt\/novelas\/videos\/terra-forte-no-dia-do-seu-aniversario-flor-recebe-uma-visita-inesperada\/68f65c7a0cf29d28d82976c8\" rel=\"nofollow noopener\" target=\"_blank\">Flor (Benedita Pereira)<\/a>, dizendo ir j\u00e1 ter uma conversa s\u00e9ria com ele. Flor diz que talvez seja melhor mesmo desistir de lutar pela sua heran\u00e7a. Rosinha ouve e olha espantada para a m\u00e3e.<\/p>\n<p>Flor diz a Rosinha que pelos vistos ela gostaria que ela morresse por que assim poderia disputar a heran\u00e7a da fam\u00edlia com Maria de F\u00e1tima, afastando-se magoada.<\/p>\n<p>Recorde-se que Flor tem sido incentivada a lutar pelo que lh pertence:<\/p>\n","protected":false},"excerpt":{"rendered":"Em \u00abTerra Forte\u00bb, Rosa Maria (Cust\u00f3dia Gallego) est\u00e1 furiosa por \u00c1lvaro (Jos\u00e9 Wallenstein)\u00a0ter vindo ali confrontar Flor (Benedita&hellip;\n","protected":false},"author":2,"featured_media":143643,"comment_status":"","ping_status":"","sticky":false,"template":"","format":"standard","meta":{"footnotes":""},"categories":[142],"tags":[160,7951,166,18259,114,115,157,167,978,27915,164,161,158,165,159,32,33,156,27871,27917,18614,163,151,162],"class_list":{"0":"post-143642","1":"post","2":"type-post","3":"status-publish","4":"format-standard","5":"has-post-thumbnail","7":"category-tv","8":"tag-ana-guiomar","9":"tag-benedita-pereira","10":"tag-cristina-ferreira","11":"tag-custodia-gallego","12":"tag-entertainment","13":"tag-entretenimento","14":"tag-festa-e-festa","15":"tag-ficcao","16":"tag-flor","17":"tag-francisca-salgado","18":"tag-jose-fidalgo","19":"tag-novelas","20":"tag-para-sempre","21":"tag-pedro-sousa","22":"tag-pedro-teixeira","23":"tag-portugal","24":"tag-pt","25":"tag-queridos-papas","26":"tag-rosa-maria","27":"tag-rosinha","28":"tag-terra-forte","29":"tag-tiago-teotonio-pereira","30":"tag-tv","31":"tag-tvi"},"share_on_mastodon":{"url":"https:\/\/pubeurope.com\/@pt\/115511333088051809","error":""},"_links":{"self":[{"href":"https:\/\/www.europesays.com\/pt\/wp-json\/wp\/v2\/posts\/143642","targetHints":{"allow":["GET"]}}],"collection":[{"href":"https:\/\/www.europesays.com\/pt\/wp-json\/wp\/v2\/posts"}],"about":[{"href":"https:\/\/www.europesays.com\/pt\/wp-json\/wp\/v2\/types\/post"}],"author":[{"embeddable":true,"href":"https:\/\/www.europesays.com\/pt\/wp-json\/wp\/v2\/users\/2"}],"replies":[{"embeddable":true,"href":"https:\/\/www.europesays.com\/pt\/wp-json\/wp\/v2\/comments?post=143642"}],"version-history":[{"count":0,"href":"https:\/\/www.europesays.com\/pt\/wp-json\/wp\/v2\/posts\/143642\/revisions"}],"wp:featuredmedia":[{"embeddable":true,"href":"https:\/\/www.europesays.com\/pt\/wp-json\/wp\/v2\/media\/143643"}],"wp:attachment":[{"href":"https:\/\/www.europesays.com\/pt\/wp-json\/wp\/v2\/media?parent=143642"}],"wp:term":[{"taxonomy":"category","embeddable":true,"href":"https:\/\/www.europesays.com\/pt\/wp-json\/wp\/v2\/categories?post=143642"},{"taxonomy":"post_tag","embeddable":true,"href":"https:\/\/www.europesays.com\/pt\/wp-json\/wp\/v2\/tags?post=143642"}],"curies":[{"name":"wp","href":"https:\/\/api.w.org\/{rel}","templated":true}]}}