{"id":14365,"date":"2025-08-03T15:40:12","date_gmt":"2025-08-03T15:40:12","guid":{"rendered":"https:\/\/www.europesays.com\/pt\/14365\/"},"modified":"2025-08-03T15:40:12","modified_gmt":"2025-08-03T15:40:12","slug":"wrc-kalle-rovanpera-estreia-se-a-vencer-no-rali-da-finlandia","status":"publish","type":"post","link":"https:\/\/www.europesays.com\/pt\/14365\/","title":{"rendered":"WRC: Kalle Rovanper\u00e4 estreia-se a vencer no Rali da Finl\u00e2ndia"},"content":{"rendered":"<p>Kalle Rovanper\u00e4 \u2013 Jonne Halttunen (Toyota GR Yaris Rally1) confirmaram a j\u00e1 esperada vit\u00f3ria no Rali da Finl\u00e2ndia. Numa prova bem gerida, com um ritmo forte, acabou por se tornar inalcan\u00e7\u00e1vel e venceu de forma clara, com uma vantagem de 39,2 segundos.<\/p>\n<p>Takamoto Katsuta \u2013 Aaron Johnston (Toyota GR Yaris Rally1) carimbou uma excelente presta\u00e7\u00e3o, com uma regularidade e fiabilidade not\u00e1veis, com um excelente segundo lugar, \u00e0 frente de S\u00e9bastien Ogier \u2013 Vincent Landais (Toyota GR Yaris Rally1). A diferen\u00e7a entre primeiro e segundo foi de 5,9 segundos, o que mostra o equil\u00edbrio nesta luta. Elfyn Evans \u2013 Scott Martin (Toyota GR Yaris Rally1) e Sami Pajari \u2013 Marko Salminen (Toyota GR Yaris Rally1) completaram o top  100% Toyota, com o azar da Hyundai a permitir este espantoso resultado para a equipa nip\u00f3nica.  <\/p>\n<p>Thierry Neuville \u2013 Martijn Wydaeghe (Hyundai i20 N Rally1) tiveram de se contentar com o sexto lugar depois do furo de ontem que comprometeu um p\u00f3dio que parecia certo. Josh McErlean \u2013 Eoin Treacy (Ford Puma Rally1) terminaram o rali na s\u00e9tima posi\u00e7\u00e3o, numa boa presta\u00e7\u00e3o da dupla da Ford, que ficou \u00e0 frente de M\u0101rti\u0146\u0161 Sesks \u2013 Ren\u0101rs Francis (Ford Puma Rally1), Gr\u00e9goire Munster \u2013 Louis Louka (Ford Puma Rally1), dupla que terminou a Power Stage com um furo. Ott T\u00e4nak \u2013 Martin J\u00e4rveoja (Hyundai i20 N Rally1) completaram o top 10.<\/p>\n<p>Nas contas da Power Stage, Rovanper\u00e4  venceu e fez o pleno, ganhando, 2 segundos de Katsuta e 2,4 segundos de Ogier. Rovanper\u00e4 foi rapid\u00edssimo neste \u00faltimo tro\u00e7o, conseguiu 35 pontos e d\u00e1 um salto tremendo na classifica\u00e7\u00e3o. Ogier tamb\u00e9m volta a marcar presen\u00e7a no p\u00f3dio e j\u00e1 confirmou que vai estar presente em mais ralis, piscando o olho ao t\u00edtulo. Neuville foi o quarto e amealhou mais alguns pontos, um parco pr\u00e9mio de consola\u00e7\u00e3o, olhando \u00e0 presta\u00e7\u00e3o que ia rubricando at\u00e9 ao furo. Evans foi o quinto nesta Power Stage e mant\u00e9m a lideran\u00e7a do campeonato, com apenas tr\u00eas pontos de vantagem sobre Rovanper\u00e4. Ogier est\u00e1 apenas a 10 pontos de Rovanper\u00e4, com os mesmos pontos de Tanak.<\/p>\n<p><img loading=\"lazy\" decoding=\"async\" width=\"1485\" height=\"731\" data-lazy-type=\"image\" src=\"https:\/\/www.europesays.com\/pt\/wp-content\/uploads\/2025\/08\/pec-20-finlandia.jpg\" alt=\"\" class=\"lazy lazy-hidden wp-image-723153\"\/><\/p>\n","protected":false},"excerpt":{"rendered":"Kalle Rovanper\u00e4 \u2013 Jonne Halttunen (Toyota GR Yaris Rally1) confirmaram a j\u00e1 esperada vit\u00f3ria no Rali da Finl\u00e2ndia.&hellip;\n","protected":false},"author":2,"featured_media":14366,"comment_status":"","ping_status":"","sticky":false,"template":"","format":"standard","meta":{"footnotes":""},"categories":[87],"tags":[135,1162,5588,32,33,5589,5278,134,2701],"class_list":{"0":"post-14365","1":"post","2":"type-post","3":"status-publish","4":"format-standard","5":"has-post-thumbnail","7":"category-desporto","8":"tag-desporto","9":"tag-destaque-homepage","10":"tag-kalle-rovanpera","11":"tag-portugal","12":"tag-pt","13":"tag-rali-da-finlandia","14":"tag-ralis","15":"tag-sports","16":"tag-wrc"},"share_on_mastodon":{"url":"","error":""},"_links":{"self":[{"href":"https:\/\/www.europesays.com\/pt\/wp-json\/wp\/v2\/posts\/14365","targetHints":{"allow":["GET"]}}],"collection":[{"href":"https:\/\/www.europesays.com\/pt\/wp-json\/wp\/v2\/posts"}],"about":[{"href":"https:\/\/www.europesays.com\/pt\/wp-json\/wp\/v2\/types\/post"}],"author":[{"embeddable":true,"href":"https:\/\/www.europesays.com\/pt\/wp-json\/wp\/v2\/users\/2"}],"replies":[{"embeddable":true,"href":"https:\/\/www.europesays.com\/pt\/wp-json\/wp\/v2\/comments?post=14365"}],"version-history":[{"count":0,"href":"https:\/\/www.europesays.com\/pt\/wp-json\/wp\/v2\/posts\/14365\/revisions"}],"wp:featuredmedia":[{"embeddable":true,"href":"https:\/\/www.europesays.com\/pt\/wp-json\/wp\/v2\/media\/14366"}],"wp:attachment":[{"href":"https:\/\/www.europesays.com\/pt\/wp-json\/wp\/v2\/media?parent=14365"}],"wp:term":[{"taxonomy":"category","embeddable":true,"href":"https:\/\/www.europesays.com\/pt\/wp-json\/wp\/v2\/categories?post=14365"},{"taxonomy":"post_tag","embeddable":true,"href":"https:\/\/www.europesays.com\/pt\/wp-json\/wp\/v2\/tags?post=14365"}],"curies":[{"name":"wp","href":"https:\/\/api.w.org\/{rel}","templated":true}]}}