{"id":143654,"date":"2025-11-08T00:57:09","date_gmt":"2025-11-08T00:57:09","guid":{"rendered":"https:\/\/www.europesays.com\/pt\/143654\/"},"modified":"2025-11-08T00:57:09","modified_gmt":"2025-11-08T00:57:09","slug":"seca-e-possivel-racionamento-de-agua-na-capital-do-irao-se-nao-chover-teerao-deve-ser-evacuada","status":"publish","type":"post","link":"https:\/\/www.europesays.com\/pt\/143654\/","title":{"rendered":"Seca e poss\u00edvel racionamento de \u00e1gua na capital do Ir\u00e3o: se n\u00e3o chover, Teer\u00e3o deve ser evacuada"},"content":{"rendered":"<p>\n  De&amp;nbsp<b>\u06cc\u0648\u0631\u0648\u0646\u06cc\u0648\u0632 \u0641\u0627\u0631\u0633\u06cc<\/b>\n<\/p>\n<p>\n         Publicado a<br \/>\n            07\/11\/2025 &#8211; 12:04 GMT+1\n            <\/p>\n<p>Os l\u00edderes do Ir\u00e3o, incluindo o presidente, emitiram alertas s\u00e9rios sobre esta quest\u00e3o e pediram a administra\u00e7\u00e3o e a coopera\u00e7\u00e3o do povo para superar este per\u00edodo de crise grave.<\/p>\n<p>Masoud Pazhshkian, presidente da Rep\u00fablica do Ir\u00e3o, em declara\u00e7\u00f5es recentes, alertou para a crise sem precedentes de seca e a possibilidade de escassez de \u00e1gua na capital do Ir\u00e3o, anunciando que, caso as condi\u00e7\u00f5es atuais se mantenham e n\u00e3o haja chuvas, , ser\u00e1 necess\u00e1rio evacuar Teer\u00e3.<\/p>\n<p>Falando numa reuni\u00e3o intitulada \u201cDesenvolvimento da Justi\u00e7a Educacional\u201d em Sanandaj, disse: \u201cAtualmente, o Ir\u00e3o enfrenta crises naturais como a falta de chuva e recursos h\u00eddricos, e essas crises podem ter consequ\u00eancias graves para o abastecimento de recursos h\u00eddricos e de \u00e1gua\u201d.<\/p>\n<p>Sublinhando que o pa\u00eds precisa de uma melhor gest\u00e3o nestas \u00e1reas, o presidente iraniano acrescentou: \u201cSe n\u00e3o chover, provavelmente teremos que impor restri\u00e7\u00f5es ao uso da \u00e1gua em Teer\u00e3o em novembro; se n\u00e3o chover novamente, ficaremos sem \u00e1gua e teremos que evacuar a cidade.\u201d<\/p>\n<p>Estas palavras s\u00e3o proferidas num momento em que Teer\u00e3o atravessa um dos per\u00edodos mais secos dos \u00faltimos cinquenta anos e os recursos h\u00eddricos do pa\u00eds se encontram numa situa\u00e7\u00e3o cr\u00edtica e sem precedentes.<\/p>\n<p>O Ir\u00e3o enfrenta a sua sexta seca consecutiva e, com a redu\u00e7\u00e3o das reservas das barragens da prov\u00edncia para menos de 5%, a situa\u00e7\u00e3o h\u00eddrica em Teer\u00e3o \u00e9 considerada cr\u00edtica e muito preocupante.<\/p>\n<p>Segundo o diretor-geral da Organiza\u00e7\u00e3o Abfai da Prov\u00edncia de Teer\u00e3o, \u201cNo \u00faltimo e atual ano azul, apenas 159 mm de precipita\u00e7\u00e3o foram registados em Teer\u00e3o, o que \u00e9 in\u00e9dito num s\u00e9culo recente. Tamb\u00e9m em outubro deste ano, nem um mil\u00edmetro de chuva caiu em Teer\u00e3o, enquanto a precipita\u00e7\u00e3o m\u00e9dia de longo prazo durante este per\u00edodo foi de cerca de 30 mm.\u201d<\/p>\n<p>A seca causada pela falta de chuvas levou muitas prov\u00edncias nas plan\u00edcies centrais e \u00e1reas vizinhas a passar pelo per\u00edodo mais seco dos \u00faltimos 40 anos.<\/p>\n<p>As condi\u00e7\u00f5es nas bacias hidrogr\u00e1ficas tamb\u00e9m foram relatadas, de tal forma que todas as nove principais bacias do Ir\u00e3o foram severamente afetadas pela seca. Na bacia do Khazar, que inclui os rios Safedrud, Gorganrud e Mardab Anzali, as chuvas foram entre 47% e 50% inferiores \u00e0 m\u00e9dia de longo prazo.<\/p>\n<p>Na bacia hidrogr\u00e1fica do Golfo P\u00e9rsico e do Mar de Om\u00e3, a precipita\u00e7\u00e3o diminuiu 48 a 60% em compara\u00e7\u00e3o com per\u00edodos anteriores, e as prov\u00edncias de Bushhehr, Fars e Hormozgan foram as partes menos chuvosas do pa\u00eds este ano.<\/p>\n<p>A secagem dos lagos \u00e9 outra consequ\u00eancia da seca no Ir\u00e3o. No passado, nove grandes rios e lagos no Ir\u00e3o, incluindo Arumieh, Bakhtgan, Parishan, Jazmuri, Gahkhooni e Hamun, secaram total ou parcialmente.<\/p>\n","protected":false},"excerpt":{"rendered":"De&amp;nbsp\u06cc\u0648\u0631\u0648\u0646\u06cc\u0648\u0632 \u0641\u0627\u0631\u0633\u06cc Publicado a 07\/11\/2025 &#8211; 12:04 GMT+1 Os l\u00edderes do Ir\u00e3o, incluindo o presidente, emitiram alertas s\u00e9rios&hellip;\n","protected":false},"author":2,"featured_media":143655,"comment_status":"","ping_status":"","sticky":false,"template":"","format":"standard","meta":{"footnotes":""},"categories":[50],"tags":[27,28,31652,15,16,14,5453,25,26,21,22,62,12,13,19,20,23,24,5452,17,18,29,30,31,63,64,65],"class_list":{"0":"post-143654","1":"post","2":"type-post","3":"status-publish","4":"format-standard","5":"has-post-thumbnail","7":"category-mundo","8":"tag-breaking-news","9":"tag-breakingnews","10":"tag-crise-da-agua","11":"tag-featured-news","12":"tag-featurednews","13":"tag-headlines","14":"tag-irao","15":"tag-latest-news","16":"tag-latestnews","17":"tag-main-news","18":"tag-mainnews","19":"tag-mundo","20":"tag-news","21":"tag-noticias","22":"tag-noticias-principais","23":"tag-noticiasprincipais","24":"tag-principais-noticias","25":"tag-principaisnoticias","26":"tag-seca","27":"tag-top-stories","28":"tag-topstories","29":"tag-ultimas","30":"tag-ultimas-noticias","31":"tag-ultimasnoticias","32":"tag-world","33":"tag-world-news","34":"tag-worldnews"},"share_on_mastodon":{"url":"https:\/\/pubeurope.com\/@pt\/115511364512133709","error":""},"_links":{"self":[{"href":"https:\/\/www.europesays.com\/pt\/wp-json\/wp\/v2\/posts\/143654","targetHints":{"allow":["GET"]}}],"collection":[{"href":"https:\/\/www.europesays.com\/pt\/wp-json\/wp\/v2\/posts"}],"about":[{"href":"https:\/\/www.europesays.com\/pt\/wp-json\/wp\/v2\/types\/post"}],"author":[{"embeddable":true,"href":"https:\/\/www.europesays.com\/pt\/wp-json\/wp\/v2\/users\/2"}],"replies":[{"embeddable":true,"href":"https:\/\/www.europesays.com\/pt\/wp-json\/wp\/v2\/comments?post=143654"}],"version-history":[{"count":0,"href":"https:\/\/www.europesays.com\/pt\/wp-json\/wp\/v2\/posts\/143654\/revisions"}],"wp:featuredmedia":[{"embeddable":true,"href":"https:\/\/www.europesays.com\/pt\/wp-json\/wp\/v2\/media\/143655"}],"wp:attachment":[{"href":"https:\/\/www.europesays.com\/pt\/wp-json\/wp\/v2\/media?parent=143654"}],"wp:term":[{"taxonomy":"category","embeddable":true,"href":"https:\/\/www.europesays.com\/pt\/wp-json\/wp\/v2\/categories?post=143654"},{"taxonomy":"post_tag","embeddable":true,"href":"https:\/\/www.europesays.com\/pt\/wp-json\/wp\/v2\/tags?post=143654"}],"curies":[{"name":"wp","href":"https:\/\/api.w.org\/{rel}","templated":true}]}}