{"id":143671,"date":"2025-11-08T01:11:17","date_gmt":"2025-11-08T01:11:17","guid":{"rendered":"https:\/\/www.europesays.com\/pt\/143671\/"},"modified":"2025-11-08T01:11:17","modified_gmt":"2025-11-08T01:11:17","slug":"diamante-dos-habsburgo-reaparece-no-canada-mais-de-100-anos-depois","status":"publish","type":"post","link":"https:\/\/www.europesays.com\/pt\/143671\/","title":{"rendered":"Diamante dos Habsburgo Reaparece no Canad\u00e1 Mais de 100 Anos Depois"},"content":{"rendered":"<p>Durante mais de um s\u00e9culo, o seu paradeiro foi um mist\u00e9rio digno de romance hist\u00f3rico. Um diamante lend\u00e1rio, desaparecido com o fim de um imp\u00e9rio, e rumores de cofres secretos, fugas noturnas e pactos familiares. Agora, a verdade vem \u00e0 tona: o tesouro dos Habsburgo, uma das principais dinastias da Europa, esteve, afinal, guardado a sete chaves num banco do Canad\u00e1 ao longo deste tempo todo.<\/p>\n<p>Um diamante de 137 quilates, o Florentiner sempre foi t\u00e3o raro quanto cobi\u00e7ado, uma esp\u00e9cie de \u201calma cintilante do Imp\u00e9rio Austro-H\u00fangaro\u201d. Pensava-se que tivesse sido vendido, roubado ou cortado em peda\u00e7os, mas, afinal, esteve sempre guardado dentro de uma mala de couro, no cofre de uma institui\u00e7\u00e3o banc\u00e1ria de Qu\u00e9bec, onde permaneceu esquecido por d\u00e9cadas.<\/p>\n<p>Em novembro de 1918, com o colapso iminente do Imp\u00e9rio Austro-H\u00fangaro e a revolu\u00e7\u00e3o a agitar Viena, o imperador Carlos I da \u00c1ustria ordenou que os tesouros da coroa fossem retirados do pa\u00eds. A tarefa foi confiada ao conde Leopold von Berchtold, que levou as joias para a Su\u00ed\u00e7a a fim de as proteger. Entre as pe\u00e7as estavam a coroa de diamantes da imperatriz Sissi, uma pulseira com uma grande esmeralda usada por Maria Teresa e o Florentiner, um diamante hist\u00f3rico de 137 quilates, outrora associado \u00e0 fam\u00edlia M\u00e9dici e considerado um s\u00edmbolo da linhagem Habsburgo.<\/p>\n<p>Poucos anos depois, em 1921, o tesouro desapareceu sem deixar rasto e da\u00ed em diante multiplicaram-se as vers\u00f5es: uns diziam que fora vendido em Budapeste para financiar uma restaura\u00e7\u00e3o mon\u00e1rquica falhada; outros juravam ter visto fragmentos das joias em leil\u00f5es de Nova Iorque. Mas nada foi comprovado. At\u00e9 agora.<\/p>\n<p>O assalto ao Louvre e um telefonema\u00a0<\/p>\n<p>A revela\u00e7\u00e3o do que realmente aconteceu come\u00e7ou no dia em que o mundo foi surpreendido por outro desaparecimento impactante de joias reais, com o assalto ao Louvre, em Paris, conta a revista alem\u00e3 <a aria-label=\"content\" target=\"_blank\" href=\"https:\/\/www.spiegel.de\/panorama\/florentiner-diamant-habsburger-juwelen-nach-mehr-als-100-jahren-wieder-aufgetaucht-a-9c2bf5b5-ef38-45bb-8357-8a9d36939bfe\" rel=\"nofollow noopener\">Der Spiegel.<\/a> Nesse dia, Karl Habsburg, o \u00faltimo herdeiro dos Habsburgo, bisneto de Carlos I e atual chefe da antiga casa imperial, decidiu que era a hora de ligar a um jornalista da Der Spiegel com um enigm\u00e1tico convite: \u201cVenha a Viena, tenho uma not\u00edcia para si.\u201d A not\u00edcia era t\u00e3o somente a revela\u00e7\u00e3o sobre o paradeiro de uma das joias mais procuradas de sempre: \u201cO Florentino est\u00e1 no Canad\u00e1. E n\u00e3o est\u00e1 sozinho.\u201d<\/p>\n<p>Segundo revelado agora por Karl Habsburg, Zita de Bourbon-Parma, a \u00faltima imperatriz austr\u00edaca, deixara instru\u00e7\u00f5es secretas: dois herdeiros masculinos s\u00f3 deveriam ser informados da localiza\u00e7\u00e3o do tesouro cem anos ap\u00f3s a sua fuga da Europa. Essa data chegou em 2022. O cofre canadiano foi finalmente aberto e, dentro, cuidadosamente arrumadas, estavam as joias que o mundo julgava perdidas.<\/p>\n<p>O joalheiro real A.E. K\u00f6chert, cuja fam\u00edlia serviu os Habsburgo durante seis gera\u00e7\u00f5es, voou para o Canad\u00e1 com o cat\u00e1logo original dos tesouros imperiais. \u201cO cora\u00e7\u00e3o bateu-me como se tivesse 20 anos outra vez\u201d, contou \u00e0 Der Spiegel. Ao comparar cada pe\u00e7a com as fotografias de 1918, confirmou a autenticidade. \u201cO Florentino \u00e9 de uma pureza espantosa. O seu brilho lembra o de um bom whisky escoc\u00eas\u201d, disse.<\/p>\n<p>Batalha legal pela frente<\/p>\n<p>Nem tudo foi reencontrado, no entanto. Faltam algumas pe\u00e7as ic\u00f3nicas, entre elas a coroa de Sissi e uma coluna de rosas de Maria Teresa, conta a revista alem\u00e3. Essas, aparentemente, ningu\u00e9m sabe mesmo onde est\u00e3o.<\/p>\n<p>\u00a0Destapado quase todo o mist\u00e9rio, come\u00e7a uma batalha jur\u00eddica sobre a propriedade das joias. O Estado austr\u00edaco considera que os bens imperiais lhe pertencem; os herdeiros dos Habsburgo alegam que foram levados para o estrangeiro antes da atual lei de confisco entrar em vigor.<\/p>\n","protected":false},"excerpt":{"rendered":"Durante mais de um s\u00e9culo, o seu paradeiro foi um mist\u00e9rio digno de romance hist\u00f3rico. Um diamante lend\u00e1rio,&hellip;\n","protected":false},"author":2,"featured_media":143672,"comment_status":"","ping_status":"","sticky":false,"template":"","format":"standard","meta":{"footnotes":""},"categories":[50],"tags":[27,28,2001,15,16,31653,14,31654,3300,25,26,21,22,62,12,13,19,20,23,24,17,18,29,30,31,63,64,65],"class_list":{"0":"post-143671","1":"post","2":"type-post","3":"status-publish","4":"format-standard","5":"has-post-thumbnail","7":"category-mundo","8":"tag-breaking-news","9":"tag-breakingnews","10":"tag-descoberta","11":"tag-featured-news","12":"tag-featurednews","13":"tag-habsburgo","14":"tag-headlines","15":"tag-imperio-austro-hungaro","16":"tag-joias","17":"tag-latest-news","18":"tag-latestnews","19":"tag-main-news","20":"tag-mainnews","21":"tag-mundo","22":"tag-news","23":"tag-noticias","24":"tag-noticias-principais","25":"tag-noticiasprincipais","26":"tag-principais-noticias","27":"tag-principaisnoticias","28":"tag-top-stories","29":"tag-topstories","30":"tag-ultimas","31":"tag-ultimas-noticias","32":"tag-ultimasnoticias","33":"tag-world","34":"tag-world-news","35":"tag-worldnews"},"share_on_mastodon":{"url":"https:\/\/pubeurope.com\/@pt\/115511419400564338","error":""},"_links":{"self":[{"href":"https:\/\/www.europesays.com\/pt\/wp-json\/wp\/v2\/posts\/143671","targetHints":{"allow":["GET"]}}],"collection":[{"href":"https:\/\/www.europesays.com\/pt\/wp-json\/wp\/v2\/posts"}],"about":[{"href":"https:\/\/www.europesays.com\/pt\/wp-json\/wp\/v2\/types\/post"}],"author":[{"embeddable":true,"href":"https:\/\/www.europesays.com\/pt\/wp-json\/wp\/v2\/users\/2"}],"replies":[{"embeddable":true,"href":"https:\/\/www.europesays.com\/pt\/wp-json\/wp\/v2\/comments?post=143671"}],"version-history":[{"count":0,"href":"https:\/\/www.europesays.com\/pt\/wp-json\/wp\/v2\/posts\/143671\/revisions"}],"wp:featuredmedia":[{"embeddable":true,"href":"https:\/\/www.europesays.com\/pt\/wp-json\/wp\/v2\/media\/143672"}],"wp:attachment":[{"href":"https:\/\/www.europesays.com\/pt\/wp-json\/wp\/v2\/media?parent=143671"}],"wp:term":[{"taxonomy":"category","embeddable":true,"href":"https:\/\/www.europesays.com\/pt\/wp-json\/wp\/v2\/categories?post=143671"},{"taxonomy":"post_tag","embeddable":true,"href":"https:\/\/www.europesays.com\/pt\/wp-json\/wp\/v2\/tags?post=143671"}],"curies":[{"name":"wp","href":"https:\/\/api.w.org\/{rel}","templated":true}]}}