{"id":143691,"date":"2025-11-08T01:33:15","date_gmt":"2025-11-08T01:33:15","guid":{"rendered":"https:\/\/www.europesays.com\/pt\/143691\/"},"modified":"2025-11-08T01:33:15","modified_gmt":"2025-11-08T01:33:15","slug":"surpresa-em-secret-story-mae-de-pedro-jorge-assume-algumas-duvidas-na-ligacao-entre-marisa-e-bruno","status":"publish","type":"post","link":"https:\/\/www.europesays.com\/pt\/143691\/","title":{"rendered":"Surpresa em &#8220;Secret Story&#8221;: m\u00e3e de Pedro Jorge assume &#8220;algumas d\u00favidas&#8221; na liga\u00e7\u00e3o entre Marisa e Bruno!"},"content":{"rendered":"<p>Cristina Ferreira e Cl\u00e1udio Ramos receberam, esta quinta-feira, dia 6, no programa &#8220;<a href=\"https:\/\/tvi.iol.pt\/doisas10\/\" target=\"_blank\" rel=\"nofollow noopener\">Dois \u00e0s 10<\/a>&#8220;, a irm\u00e3 de Marisa Pires, Filipa Pires, e a m\u00e3e de <a href=\"https:\/\/selfie.iol.pt\/famosos\/secret-story\/mae-de-pedro-jorge-quando-ouvi-o-que-a-marisa-disse-chocou-me\/20251106\/690c9fc2d34e2bd5c6d3b244\" target=\"_blank\" rel=\"nofollow noopener\">Pedro Jorge<\/a>, Regina Geraldes, para que estas pudessem comentar as recentes discuss\u00f5es protagonizadas pelo casal na nona edi\u00e7\u00e3o de &#8220;Secret Story &#8211; Casa dos Segredos&#8221;.<\/p>\n<p>Os ci\u00fames que Pedro Jorge sente pela liga\u00e7\u00e3o entre Marisa Pires e Bruno Sim\u00e3o foram um dos assuntos abordados. E as duas familiares tiveram opini\u00f5es distinstas.<\/p>\n<p>&#8220;Acho que ela v\u00ea no Bruno um pai, como o Pedro v\u00ea na Marisa Susana uma m\u00e3e. Podem dizer-me que n\u00e3o faz sentido algum, mas acho que ela v\u00ea nele um apoio&#8221;, julgou a irm\u00e3 da concorrente do reality show da <a href=\"https:\/\/tvi.iol.pt\/\" target=\"_blank\" rel=\"nofollow noopener\">TVI<\/a>, acrescentando: &#8220;No in\u00edcio, o Pedro at\u00e9 disse que tinha ci\u00fames dele, porque achava que era o tipo de homem. Eu s\u00f3 pensei: &#8216;O tipo de homem da minha irm\u00e3, isto?!&#8217;. Aten\u00e7\u00e3o: eu n\u00e3o o conhe\u00e7o pessoalmente. Julgo por aquilo que eu vejo. E n\u00e3o acho nada.&#8221;<\/p>\n<p>Apontando o facto que Marisa Pires e Bruno Sim\u00f5es serem mais velhos&#8221; e &#8220;terem filhos&#8221;, Filipa Pires concluiu: &#8220;Acho que por isso h\u00e1 uma cumplicidade. O Bruno acaba por ser algu\u00e9m que tem a mesma viv\u00eancia dela.&#8221;<\/p>\n<p>J\u00e1 Regina Geraldes tem &#8220;algumas d\u00favidas&#8221;: &#8220;N\u00e3o acho que a Marisa veja o Bruno como um pai. N\u00e3o \u00e9 isso que eu vejo. Vejo um amigo, um apoio como homem&#8230; Se parte para outro ramo? Ainda n\u00e3o consigo perceber.&#8221;<\/p>\n<p>Ainda assim, a m\u00e3e de Pedro Jorge lamentou que tanto ele como <a href=\"https:\/\/selfie.iol.pt\/famosos\/secret-story\/irma-de-marisa-condena-atitude-da-concorrente-de-secret-story-nao-tem-explicacao\/20251106\/690c9945d34e3caad84af981\" target=\"_blank\" rel=\"nofollow noopener\">Marisa Pires<\/a> n\u00e3o estejam do mesmo lado:\u00a0&#8220;Sabendo que est\u00e3o na casa e que aquilo \u00e9 um jogo, deviam ter muito mais confian\u00e7a um no outro e at\u00e9 jogarem eles os dois. N\u00e3o est\u00e3o a fazer isso.&#8221;<\/p>\n<p>Veja, agora, os v\u00eddeos da entrevista concedida pelas familiares dos participantes de &#8220;<a href=\"https:\/\/tvi.iol.pt\/secretstory\/\" target=\"_blank\" rel=\"nofollow noopener\">Secret Story<\/a> &#8211; Casa dos Segredos&#8221;.<\/p>\n","protected":false},"excerpt":{"rendered":"Cristina Ferreira e Cl\u00e1udio Ramos receberam, esta quinta-feira, dia 6, no programa &#8220;Dois \u00e0s 10&#8220;, a irm\u00e3 de&hellip;\n","protected":false},"author":2,"featured_media":143692,"comment_status":"","ping_status":"","sticky":false,"template":"","format":"standard","meta":{"footnotes":""},"categories":[142],"tags":[3768,19139,2632,13471,329,6338,328,166,801,114,115,980,31656,31657,12195,8204,19184,21766,619,14646,21416,32,33,1014,31228,31658,1315,6985,16687,16686,1012,6986,16688,151,162],"class_list":{"0":"post-143691","1":"post","2":"type-post","3":"status-publish","4":"format-standard","5":"has-post-thumbnail","7":"category-tv","8":"tag-bruno","9":"tag-bruno-simao","10":"tag-casa-dos-segredos","11":"tag-casa-dos-segredos-9","12":"tag-claudio-ramos","13":"tag-concorrente","14":"tag-concorrentes","15":"tag-cristina-ferreira","16":"tag-dois-as-10","17":"tag-entertainment","18":"tag-entretenimento","19":"tag-famosos","20":"tag-filipa","21":"tag-filipa-pires","22":"tag-irma","23":"tag-mae","24":"tag-marisa","25":"tag-marisa-pires","26":"tag-nacional","27":"tag-pedro","28":"tag-pedro-jorge","29":"tag-portugal","30":"tag-pt","31":"tag-reality-show","32":"tag-regina","33":"tag-regina-geraldes","34":"tag-secret-story","35":"tag-secret-story-casa-dos-segredos","36":"tag-secret-story-casa-dos-segredos-9","37":"tag-secret-story-9","38":"tag-selfie","39":"tag-ss","40":"tag-ss9","41":"tag-tv","42":"tag-tvi"},"share_on_mastodon":{"url":"","error":"Validation failed: Text character limit of 500 exceeded"},"_links":{"self":[{"href":"https:\/\/www.europesays.com\/pt\/wp-json\/wp\/v2\/posts\/143691","targetHints":{"allow":["GET"]}}],"collection":[{"href":"https:\/\/www.europesays.com\/pt\/wp-json\/wp\/v2\/posts"}],"about":[{"href":"https:\/\/www.europesays.com\/pt\/wp-json\/wp\/v2\/types\/post"}],"author":[{"embeddable":true,"href":"https:\/\/www.europesays.com\/pt\/wp-json\/wp\/v2\/users\/2"}],"replies":[{"embeddable":true,"href":"https:\/\/www.europesays.com\/pt\/wp-json\/wp\/v2\/comments?post=143691"}],"version-history":[{"count":0,"href":"https:\/\/www.europesays.com\/pt\/wp-json\/wp\/v2\/posts\/143691\/revisions"}],"wp:featuredmedia":[{"embeddable":true,"href":"https:\/\/www.europesays.com\/pt\/wp-json\/wp\/v2\/media\/143692"}],"wp:attachment":[{"href":"https:\/\/www.europesays.com\/pt\/wp-json\/wp\/v2\/media?parent=143691"}],"wp:term":[{"taxonomy":"category","embeddable":true,"href":"https:\/\/www.europesays.com\/pt\/wp-json\/wp\/v2\/categories?post=143691"},{"taxonomy":"post_tag","embeddable":true,"href":"https:\/\/www.europesays.com\/pt\/wp-json\/wp\/v2\/tags?post=143691"}],"curies":[{"name":"wp","href":"https:\/\/api.w.org\/{rel}","templated":true}]}}