{"id":143706,"date":"2025-11-08T01:50:09","date_gmt":"2025-11-08T01:50:09","guid":{"rendered":"https:\/\/www.europesays.com\/pt\/143706\/"},"modified":"2025-11-08T01:50:09","modified_gmt":"2025-11-08T01:50:09","slug":"liga-arbitros-sobem-ao-relvado-antes-das-equipas-em-protesto","status":"publish","type":"post","link":"https:\/\/www.europesays.com\/pt\/143706\/","title":{"rendered":"Liga: \u00e1rbitros sobem ao relvado antes das equipas em protesto"},"content":{"rendered":"<p style=\"margin-bottom:11px\">Os \u00e1rbitros das competi\u00e7\u00f5es profissionais do futebol nacional iniciaram esta sexta-feira um protesto contra o clima de contesta\u00e7\u00e3o, exigindo o agravamento de san\u00e7\u00f5es.<\/p>\n<p>Bruno Vieira, da associa\u00e7\u00e3o de Beja, foi o primeiro a assinalar o protesto, ao entrar antes das <a href=\"https:\/\/maisfutebol.iol.pt\/resultadoseclassificacoes\/291\/Portugal\/Liga-de-Honra\" rel=\"nofollow noopener\" target=\"_blank\">equipas de Feirense e Farense, no jogo inaugural da 11.\u00aa jornada da II Liga<\/a>. O mesmo aconteceu na Amoreira, <a href=\"https:\/\/maisfutebol.iol.pt\/jogo\/aominuto\/estoril\/arouca\/13828214\" rel=\"nofollow noopener\" target=\"_blank\">antes do Estoril-Arouca, arbitrado por Cl\u00e1udio Pereira<\/a>.<\/p>\n<p>O \u00e1rbitro sobe ao relvado com dois auxiliares, antes das equipas e sem bola.<\/p>\n<p>Na tarde desta sexta-feira, o presidente da FPF, Pedro Proen\u00e7a, recebeu o l\u00edder da Associa\u00e7\u00e3o Portuguesa de \u00c1rbitros de Futebol, Jos\u00e9 Borges, num encontro com car\u00e1cter de urg\u00eancia solicitado pela associa\u00e7\u00e3o, que contou tamb\u00e9m com a presen\u00e7a do presidente do Conselho de Arbitragem da FPF, Luciano Gon\u00e7alves.<\/p>\n","protected":false},"excerpt":{"rendered":"Os \u00e1rbitros das competi\u00e7\u00f5es profissionais do futebol nacional iniciaram esta sexta-feira um protesto contra o clima de contesta\u00e7\u00e3o,&hellip;\n","protected":false},"author":2,"featured_media":143707,"comment_status":"","ping_status":"","sticky":false,"template":"","format":"standard","meta":{"footnotes":""},"categories":[87],"tags":[21583,3266,135,5560,285,5919,36,46,32,33,47,134],"class_list":{"0":"post-143706","1":"post","2":"type-post","3":"status-publish","4":"format-standard","5":"has-post-thumbnail","7":"category-desporto","8":"tag-apaf","9":"tag-arbitragem","10":"tag-desporto","11":"tag-federacao-portuguesa-de-futebol","12":"tag-fpf","13":"tag-ii-liga","14":"tag-liga","15":"tag-maisfutebol","16":"tag-portugal","17":"tag-pt","18":"tag-pura-paixao","19":"tag-sports"},"share_on_mastodon":{"url":"https:\/\/pubeurope.com\/@pt\/115511572853226478","error":""},"_links":{"self":[{"href":"https:\/\/www.europesays.com\/pt\/wp-json\/wp\/v2\/posts\/143706","targetHints":{"allow":["GET"]}}],"collection":[{"href":"https:\/\/www.europesays.com\/pt\/wp-json\/wp\/v2\/posts"}],"about":[{"href":"https:\/\/www.europesays.com\/pt\/wp-json\/wp\/v2\/types\/post"}],"author":[{"embeddable":true,"href":"https:\/\/www.europesays.com\/pt\/wp-json\/wp\/v2\/users\/2"}],"replies":[{"embeddable":true,"href":"https:\/\/www.europesays.com\/pt\/wp-json\/wp\/v2\/comments?post=143706"}],"version-history":[{"count":0,"href":"https:\/\/www.europesays.com\/pt\/wp-json\/wp\/v2\/posts\/143706\/revisions"}],"wp:featuredmedia":[{"embeddable":true,"href":"https:\/\/www.europesays.com\/pt\/wp-json\/wp\/v2\/media\/143707"}],"wp:attachment":[{"href":"https:\/\/www.europesays.com\/pt\/wp-json\/wp\/v2\/media?parent=143706"}],"wp:term":[{"taxonomy":"category","embeddable":true,"href":"https:\/\/www.europesays.com\/pt\/wp-json\/wp\/v2\/categories?post=143706"},{"taxonomy":"post_tag","embeddable":true,"href":"https:\/\/www.europesays.com\/pt\/wp-json\/wp\/v2\/tags?post=143706"}],"curies":[{"name":"wp","href":"https:\/\/api.w.org\/{rel}","templated":true}]}}